{"id":1019,"date":"2012-01-31T13:13:17","date_gmt":"2012-01-31T13:13:17","guid":{"rendered":"https:\/\/pesolex.com\/es\/?p=1019"},"modified":"2014-10-08T22:00:58","modified_gmt":"2014-10-08T22:00:58","slug":"reconocimiento-y-aclaraciones-por-eugenio","status":"publish","type":"post","link":"https:\/\/pesolex.com\/es\/reconocimiento-y-aclaraciones-por-eugenio\/","title":{"rendered":"Reconocimiento y aclaraciones por Eugenio"},"content":{"rendered":"<p class=\"post-title entry-title\"><a title=\"Escritos Filippo Bongiovanni\" href=\"https:\/\/pesolex.com\/es\/escritos-filippo-bongiovanni\/\">Reconocimiento y aclaraciones por Eugenio:<\/a><\/p>\n<h3><strong>Me han preguntado sobre la fotograf\u00eda de Adoniesis y del Consolador Prometido S. Juan Evangelista<\/strong>. Un acad\u00e9mico, <strong>Teodoro<\/strong>, me escribe y me plantea preguntas respecto la foto de <strong>Adoniesis<\/strong> y de la imagen de <strong>S. Juan Evangelista<\/strong>, que para ser claros y como muchas veces hemos dicho, <strong>es el fundamental personaje espiritual que opera a trav\u00e9s Eugenio, para la obra de Redenci\u00f3n, aquel consolador, es decir portador de revelaciones Divinas&#8230; Reporto algunos extractos, los m\u00e1s importantes que ponen de manifiesto los temas expuestos.<\/strong><\/h3>\n<p>. . .En el mes de agosto de 2011, usted se hac\u00eda eco a prop\u00f3sito de la foto de Adoniesis<\/p>\n<p>de un art\u00edculo de Orazio Valenti&#8230;<br \/>\n\u00bb &#8230; Por qu\u00e9 sobre la realidad de la foto del Extraterrestre <strong>Adoniesis<\/strong> hay m\u00e1s versiones?<\/p>\n<p>Usted por ejemplo, en diversas publicaciones y dentro de su libro que ha hecho con su hermano, reporta: \u2026\u00bbImagen del Extraterrestre <strong>Adoniesis<\/strong> realizada por <strong>Eugenio Siragusa <\/strong>en 1972 en presencia de numerosos testigos&#8230;\u00bb .N<strong>onsiamosoli de julio de 1985&#8230; \u00ab<\/strong><\/p>\n<p><strong>&#8230;<\/strong> El mejor documento de la historia del contactismo: el Extraterrestre Adoniesis fotografiado personalmente por el Sr. Eugenio Siragusa con una m\u00e1quina fotogr\u00e1fica reflex minolta en Catania en 1972 cerca de una iglesia. Fueron testigos de este documento y de su fiabilidad un grupo de periodistas, aunque los que percibieron la presencia y tuvieron la visi\u00f3n fueron \u00fanicamente el negativo de la m\u00e1quina fotogr\u00e1fica y el mismo <strong>Eugenio Siragusa<\/strong>&#8230;\u00bb<\/p>\n<p><strong>Segunda pregunta<\/strong> y su parecer&#8230; \u00abPuede decirme m\u00e1s de la fotograf\u00eda que se atribuye a <strong>Juan Evangelista por parte de Eugenio Siragusa<\/strong>\u201d Parece que tambi\u00e9n aqu\u00ed hay diferentes versiones.\u00bb !<\/p>\n<p>Ninguna diferente versi\u00f3n, o diferentes versiones a prop\u00f3sito de la foto de Adoniesis, considero que entre las <strong>VERDADES UNIVERSALES<\/strong> esta es una de las mas importantes en la historia de humanidad, tienen los ciclos evolutivos por parte de quien la pone a conocimiento. <strong>Eugenio Siragusa<\/strong>, portador de esta <strong>Revelaci\u00f3n Mesi\u00e1nica<\/strong>, ha concentrado su misi\u00f3n sobre lo que deb\u00eda \u00ab<strong>Anunciar\u00bb<\/strong> y predecir para evitar cat\u00e1strofes que afectan de cerca la humanidad, y de esto lamentablemente, la historia es la primer testigo; y de transmitir los conceptos psicol\u00f3gicos f\u00edsicos espirituales que habr\u00edan, si hubieran sido puestos en pr\u00e1ctica, permitido una r\u00e1pida y progresiva evoluci\u00f3n del hombre. Seguramente en un contexto hist\u00f3rico y evolutivo de su misi\u00f3n, ha considerado en lo que respecta a este documento fotogr\u00e1fico que retrata el Extraterrestre Adoniesis, seg\u00fan el momento y la sensibilidad que en esa ocasi\u00f3n se presentaban o se precisaban, hablar de esta su experiencia y con quien en ese momento ten\u00eda de frente, en cierta forma, para dejar una muy precisa huella.<\/p>\n<p>En efecto el Ser mostrado, dar\u00e1 (<strong>haciendo pasar los per\u00edodos hist\u00f3ricos<\/strong>) las respuestas que se compenetraron de vez en vez.\u00a0 De la procedencia y permanencia en el Sol y Maestro C\u00f3smico de la quinta dimensi\u00f3n, coordinador planetario, tiene una misi\u00f3n, tambi\u00e9n en el planeta Marte, hasta ser un trono, un Dio.<\/p>\n<p>As\u00ed como en la reconstrucci\u00f3n de su \u00faltima experiencia en la tierra, <strong>Eugenio <\/strong>hace notar como a menudo el \u00ab<strong>programa de su misi\u00f3n cambia de aspecto\u00bb.<\/strong><\/p>\n<p>Su obra tiene comienzo con <strong>el amor y termina con la justicia, el verdadero fundamento del amor. <\/strong>Para llegar a la justicia hay que pasar por el <strong>Amor <\/strong>y sino se realiza este, no se puede hablar de <strong>Justicia.<\/strong><\/p>\n<p>Recuerdo que una vez, un interlocutor, muy atento a las fechas, reportes, declaraciones, llama <strong>Eugenio <\/strong>a la atenci\u00f3n, porque hab\u00eda dicho p\u00fablicamente que la fecha de su <strong>fulguraci\u00f3n hubiera sido el \u201851 y no el \u201852.<\/strong><\/p>\n<p>Por lo tanto los famosos <strong>33 a\u00f1os<\/strong> relacionados a la experiencia del <strong>25 de marzo<\/strong> ca\u00edan en contradicci\u00f3n, mirando a su fecha de nacimiento en 1919.<\/p>\n<p>C\u00e1ndidamente congel\u00f3 el interlocutor, diciendo que esa fue la fecha que har\u00eda p\u00fablica su misi\u00f3n, mediante esa experiencia, pero en realidad <strong>\u00c9L <\/strong>ya estaba en sinton\u00eda con los <strong>superiores Deseos Celestes<\/strong>, lo que demuestra el hecho de que algunos de sus escritos de <strong>Conciencia C\u00f3smica datan desde los a\u00f1os 50.<\/strong><\/p>\n<p>Y no s\u00f3lo, en algunas de sus afirmaciones anteriores, acerca de la din\u00e1mica de los hechos de como ocurri\u00f3 <strong>la fulguraci\u00f3n el 25 de marzo &#8217;52<\/strong>, las primeras veces dir\u00e1 que se encontraba solo y al\u00a0 mirar m\u00e1s all\u00e1 de la explanada donde pasar\u00eda el <strong>GLOBO LUMINOSO<\/strong> que despu\u00e9s lo compenetr\u00f3, en consecuencia habiendo comprobado un p\u00fablico m\u00e1s afinado en incorporar algunos conceptos, cuando relata la experiencia, declara que se instaur\u00f3 una perfecta sinton\u00eda entre<strong> EL OBJETO LUMINOSO Y ES \u00c9L, Y S\u00d3LO \u00c9L LO POD\u00cdA VER, AUNQUE EXIST\u00cdA LA PRESENCIA DE OTROS.<\/strong><\/p>\n<p>Cuando luego ha mostrado las cosas, o ha relatado determinadas experiencias, que lo han tocado de cerca, son el fruto de experiencias suyas\u00a0 personales a nivel f\u00edsico- ps\u00edquico-espiritual.<\/p>\n<p>Y lo ha hecho en su plena conciencia, que transmit\u00eda una verdad, su verdad, y donde fue posible fue tambi\u00e9n respaldado por pruebas concretas, y no porque deb\u00eda demostrar a alguien algo, sino porque han sido tambi\u00e9n estas sus experiencias. Recuerdo durante el per\u00edodo de su <strong>INJUSTA DETENCI\u00d3N, QUE FUERON 20000<\/strong> casos de avistamiento de <strong>discos volantes extraterrestres<\/strong> en los cielos de todo el mundo, y por parte de muchos funcionarios de las fuerzas del orden. Una prueba tangible y concreta que hab\u00eda probado con qui\u00e9n hab\u00eda contactado\u00a0 y experiencias extraterrestres.<\/p>\n<p>Cuando fue la inauguraci\u00f3n de su estaci\u00f3n de radio, denominada <strong>RADIO CUARTA DIMENSION<\/strong>, m\u00e1s o menos a mitad de los a\u00f1os \u201870, por otra parte este registro fue publicado y difundido en numerosos textos que recogen algunas de sus experiencias y en numerosos programas radiof\u00f3nicos y alguno tambi\u00e9n televisivo, cuando lo replicaban, se escuchaba una voz de profundo eco, procedente de una dimensi\u00f3n y localidad impensable, la voz de este <strong>ser de luz Extraterrestre<\/strong>, permanentemente en contacto con <strong>Eugenio<\/strong>, dio a \u00e9l y a los presentes, que estaban viviendo esa extraordinaria experiencia, cita a una hora muy precisa, que para testimoniar la veracidad del acontecimiento, un disco volante Extraterrestre aparecer\u00eda en los cielos trazando recorridos.<\/p>\n<p>Pues bien as\u00ed ha ocurrido, con el estupor de muchos o de pocos. Cuando pon\u00eda las manos <strong>sobre teclado del \u00f3rgano<\/strong> y este hasta lo \u00faltimo, produc\u00eda sin conocer la m\u00ednima noci\u00f3n de m\u00fasica, no sab\u00eda ni siquiera reconocer la clave de viol\u00edn, de los sonidos, y yo fui testigo de lo que ha producido a otros con estos sonidos, que todos los psicoterapeutas\u00a0 todav\u00eda hoy, no saben explicarse como son estaban curados algunos de sus pacientes.<\/p>\n<p>En su viaje a <strong>Colombia,<\/strong> m\u00e1s o menos siempre en los a\u00f1os \u201870, tom\u00f3 la invitaci\u00f3n de algunos acad\u00e9micos, de demostrar, si era capaz de entrar en contacto con <strong>estos seres<\/strong>. Tambi\u00e9n aqu\u00ed, apenas estuvo cerca del <strong>lago Guatavita<\/strong> en presencia de varios testigos, comenz\u00f3 a agitar una antorcha el\u00e9ctrica, con gran asombro todos han podido observar que de las ondas emergi\u00f3 de la superficie del agua un aparato con una <strong>enorme luz<\/strong> que se dirigi\u00f3 hacia ellos&#8230;Al tener visi\u00f3n de todo esto, todos huyeron, dejando solo en su lugar a<strong> Eugenio<\/strong>.<\/p>\n<p>Cuando viv\u00eda en Catania, siempre el mismo per\u00edodo de los a\u00f1os <strong>\u201870, los testigos fueron los porteros <\/strong>del edificio donde entonces viv\u00eda, as\u00ed como la misma primera esposa de <strong>Eugenio<\/strong>, esc\u00e9ptica sobre todo, antes de la separaci\u00f3n.<\/p>\n<p>Cuentan que vieron en pleno d\u00eda, un joven del aspecto hermos\u00edsimo, alto y con unos<\/p>\n<p>extra\u00f1os aparatos alrededor de la cabeza.\u00a0Despu\u00e9s de haber pasado a la vivienda de Eugenio, desapareci\u00f3 en la nada.<\/p>\n<p>Pues bien, esta experiencia cost\u00f3 y produjo bastante en los custodios que debieron ausentarse por un tiempo por el miedo\u2026<\/p>\n<p><strong>VOLC\u00c1N Etna 1971<\/strong>, un grupo de exploradores a cuota <strong>3150 <\/strong>descubre las <strong>gigantescas hormas <\/strong>de decenas de cent\u00edmetros de profundidad y de longitud superior a la de una picadora\u00a0 de alpinistas. Pensaron, que de las medidas que hab\u00edan descubierto, se trataba de un gigante atribuible a un Yeti en el Etna&#8230;<strong>Eugenio<\/strong> demostrar\u00e1, explicando con la versi\u00f3n m\u00e1s plausible y l\u00f3gica, que se trata de un robot Extraterrestre utilizado para las misiones especiales.<\/p>\n<p>Viaje dentro de una de <strong>sus ASTRONAVES<\/strong> directo a la Luna negra(*).Tras el aval de la ciencia, sobre lo que nos ha reportado, lo que se ha sabido por parte de estos pilotos extraterrestres, sobre la naturaleza de este sat\u00e9lite artificial, se encuentra el mec\u00e1nico bolo\u00f1\u00e9s Luciano Galli, que se hab\u00eda encontrado a bordo de la misma <strong>nave espacial extraterrestre<\/strong>, se vieron como cuentan los testigos, salud\u00e1ndose con un gran abrazo, y haciendo participe tambi\u00e9n en esa ocasi\u00f3n a los presentes, de esta gran experiencia que hab\u00edan vivido. <strong>Antonio Giannuzzi<\/strong> 1975* (1), . . .serie de fotograf\u00edas tomadas por el mismo operador, bajo indicaci\u00f3n concreta del mismo <strong>Eugenio. <\/strong>Sometidas a an\u00e1lisis t\u00e9cnicos muy exactos, por parte de la aeron\u00e1utica militar italiana, han dado resultados impresionantes, exalt\u00e1ndose su autenticidad. Serie de once fotograf\u00edas descritas con la denominaci\u00f3n de \u00ab<strong>BORRELLO COMO F\u00c1TIMA EL CIELO INSISTE\u00bb. <\/strong>Se trata de la localidad de (BORRELLO) a pocos metros de donde vive actualmente <strong>la misma familia de<\/strong> <strong>Eugenio<\/strong> y donde se produjeron estos fen\u00f3menos en <strong>1988.<\/strong><\/p>\n<p>Especialmente las tres \u00faltimas fotos finales, (<strong>que con las otras se podr\u00e1 volver a apreciar\u00a0 en mi pr\u00f3ximo trabajo<\/strong>) se fueron sacadas personalmente en mi presencia por <strong>Eli Paolo Siragusa<\/strong>, hijo del conocido contactado, donde al pedirme la m\u00e1quina fotogr\u00e1fica, en un cielo matutino espl\u00e9ndido y sin ninguna nube con visibilidad perfecta, sac\u00f3 hacia el <strong>cielo <\/strong>tres exposiciones que son muy claramente el desplazamiento de un <strong>trazador magn\u00e9tico Extraterrestre<\/strong> que escribe, las siguientes notas<strong>&#8230;\u201dJ\u201d\u2026\u201dV\u201d\u2026\u201dV\u201d\u2026 JESUS VICTOR VENIENS.<\/strong><\/p>\n<p>Sometidos a examen pericial t\u00e9cnico, fueron definidos entre algunos de los documentos de importancia hist\u00f3rica y extraordinaria por su autenticidad&#8230; !! &#8230;<\/p>\n<p>La <strong>foto de Adoniesis<\/strong>, entra en toda esta casu\u00edstica, donde se fusiona la originalidad y la transparencia, donde en varias ocasiones <strong>Eugenio <\/strong>declara que personalmente es \u00e9l el autor de ese prodigioso evento, con el testimonio veraz de quien ha asistido al acontecimiento y rico de valor de los particulares.<\/p>\n<p>Tengamos en cuenta que no exist\u00edan entonces las t\u00e9cnicas fotogr\u00e1ficas y los efectos especiales de gr\u00e1fica informatizada de hoy. Sobretodo el lugar, no se hab\u00edan los efectos especiales de hoy. Sobre todo el lugar, una iglesia donde fue reproducida, y respondo as\u00ed a la otra pregunta de la foto del CONSOLADOR PROMETIDO* (2), <strong>San Juan Evangelista, <\/strong>que podr\u00e1 leer en un mi pr\u00f3ximo trabajo, de su procedencia y de esta iglesia, en la que van a ser protagonistas de otro extraordinario acontecimiento, que traz\u00f3 el comienzo de la historia de <strong>Eugenio <\/strong>en esta dimensi\u00f3n terrena.<\/p>\n<p>Cuando preguntaban sobre su procedencia, <strong>CAGLIOSTRO <\/strong>respondi\u00f3 que no era de ninguna \u00e9poca y sino que \u00e9l hab\u00eda estado siempre. Y as\u00ed fue. En efecto dijo, que no mor\u00eda nunca&#8230; y as\u00ed, creo, este particular testimonio de este <strong>documento fotogr\u00e1fico hist\u00f3rico<\/strong> que exalta ,sin duda alguna, <strong>el personaje real\u00a0 RETRATADO\u00a0\u00a0\u00a0 (ADONIESIS),<\/strong> que mediante <strong>Eugenio<\/strong>\u00a0 se ha hecho presente y que nos ha legado con sus ense\u00f1anzas, y esto a prescindir de todas las versiones que en tiempo se han dicho y se han hecho.<\/p>\n<p><strong>EL TESTIGO DEL ETERNO PRESENTE <\/strong><\/p>\n<p><strong>Filippo Bongiovanni<\/strong><\/p>\n<p><a href=\"http:\/\/www.eugeniosiragusa.com\/t1285-incontri-ravvicinati-e-fenomeni-extraterrestri\">http:\/\/www.eugeniosiragusa.com\/t1285-incontri-ravvicinati-e-fenomeni-extraterrestri<\/a>(*)<br \/>\n<a href=\"http:\/\/www.eugeniosiragusa.com\/t1321-l-enigma-dei-12-segnali-del-seti-sono-extraterrestri#3808\">http:\/\/www.eugeniosiragusa.com\/t1321-l-enigma-dei-12-segnali-del-seti-sono-extraterrestri#3808<\/a>*(1)<br \/>\n<a href=\"http:\/\/www.eugeniosiragusa.com\/t1324-era-stato-tutto-programmato-e-il-iv-segreto-di-fatima-prima-parte#3811\">http:\/\/www.eugeniosiragusa.com\/t1324-era-stato-tutto-programmato-e-il-iv-segreto-di-fatima-prima-parte#3811<\/a>*(2)<\/p>\n<p>&nbsp;<\/p>\n<p><a href=\"https:\/\/pesolex.com\/es\/wp-content\/uploads\/2014\/09\/musica-terapeutica-astrale-copertina.jpeg\"><img loading=\"lazy\" decoding=\"async\" class=\"aligncenter size-medium wp-image-1021\" src=\"https:\/\/pesolex.com\/es\/wp-content\/uploads\/2014\/09\/musica-terapeutica-astrale-copertina-300x297.jpeg\" alt=\"musica terapeutica astrale copertina\" width=\"300\" height=\"297\" srcset=\"https:\/\/pesolex.com\/es\/wp-content\/uploads\/2014\/09\/musica-terapeutica-astrale-copertina-300x297.jpeg 300w, https:\/\/pesolex.com\/es\/wp-content\/uploads\/2014\/09\/musica-terapeutica-astrale-copertina-150x148.jpeg 150w, https:\/\/pesolex.com\/es\/wp-content\/uploads\/2014\/09\/musica-terapeutica-astrale-copertina-100x99.jpeg 100w, https:\/\/pesolex.com\/es\/wp-content\/uploads\/2014\/09\/musica-terapeutica-astrale-copertina-200x198.jpeg 200w, https:\/\/pesolex.com\/es\/wp-content\/uploads\/2014\/09\/musica-terapeutica-astrale-copertina.jpeg 320w\" sizes=\"auto, (max-width: 300px) 100vw, 300px\" \/><\/a><\/p>\n<p>&nbsp;<\/p>\n<p><a href=\"https:\/\/pesolex.com\/es\/wp-content\/uploads\/2014\/09\/Eugenio-e-Adoniesis.jpg\"><img loading=\"lazy\" decoding=\"async\" class=\"aligncenter size-full wp-image-1020\" src=\"https:\/\/pesolex.com\/es\/wp-content\/uploads\/2014\/09\/Eugenio-e-Adoniesis.jpg\" alt=\"Eugenio e Adoniesis\" width=\"264\" height=\"191\" srcset=\"https:\/\/pesolex.com\/es\/wp-content\/uploads\/2014\/09\/Eugenio-e-Adoniesis.jpg 264w, https:\/\/pesolex.com\/es\/wp-content\/uploads\/2014\/09\/Eugenio-e-Adoniesis-100x72.jpg 100w, https:\/\/pesolex.com\/es\/wp-content\/uploads\/2014\/09\/Eugenio-e-Adoniesis-150x108.jpg 150w, https:\/\/pesolex.com\/es\/wp-content\/uploads\/2014\/09\/Eugenio-e-Adoniesis-200x144.jpg 200w\" sizes=\"auto, (max-width: 264px) 100vw, 264px\" \/><\/a><\/p>\n<p>&nbsp;<\/p>\n","protected":false},"excerpt":{"rendered":"<p>Reconocimiento y aclaraciones por Eugenio: Me han preguntado sobre la fotograf\u00eda de Adoniesis y del Consolador Prometido S. Juan Evangelista. Un acad\u00e9mico, Teodoro, me escribe y me plantea preguntas respecto la foto de Adoniesis y de la imagen de S. &hellip;<\/p>\n<p class=\"read-more\"> <a class=\"more-link\" href=\"https:\/\/pesolex.com\/es\/reconocimiento-y-aclaraciones-por-eugenio\/\"> <span class=\"screen-reader-text\">Reconocimiento y aclaraciones por Eugenio<\/span> Leer m\u00e1s \u00bb<\/a><\/p>\n","protected":false},"author":3,"featured_media":1020,"comment_status":"closed","ping_status":"closed","sticky":false,"template":"","format":"standard","meta":{"_monsterinsights_skip_tracking":false,"_monsterinsights_sitenote_active":false,"_monsterinsights_sitenote_note":"","_monsterinsights_sitenote_category":0,"footnotes":""},"categories":[6],"tags":[],"class_list":["post-1019","post","type-post","status-publish","format-standard","has-post-thumbnail","hentry","category-epiritual"],"_links":{"self":[{"href":"https:\/\/pesolex.com\/es\/wp-json\/wp\/v2\/posts\/1019","targetHints":{"allow":["GET"]}}],"collection":[{"href":"https:\/\/pesolex.com\/es\/wp-json\/wp\/v2\/posts"}],"about":[{"href":"https:\/\/pesolex.com\/es\/wp-json\/wp\/v2\/types\/post"}],"author":[{"embeddable":true,"href":"https:\/\/pesolex.com\/es\/wp-json\/wp\/v2\/users\/3"}],"replies":[{"embeddable":true,"href":"https:\/\/pesolex.com\/es\/wp-json\/wp\/v2\/comments?post=1019"}],"version-history":[{"count":2,"href":"https:\/\/pesolex.com\/es\/wp-json\/wp\/v2\/posts\/1019\/revisions"}],"predecessor-version":[{"id":6164,"href":"https:\/\/pesolex.com\/es\/wp-json\/wp\/v2\/posts\/1019\/revisions\/6164"}],"wp:featuredmedia":[{"embeddable":true,"href":"https:\/\/pesolex.com\/es\/wp-json\/wp\/v2\/media\/1020"}],"wp:attachment":[{"href":"https:\/\/pesolex.com\/es\/wp-json\/wp\/v2\/media?parent=1019"}],"wp:term":[{"taxonomy":"category","embeddable":true,"href":"https:\/\/pesolex.com\/es\/wp-json\/wp\/v2\/categories?post=1019"},{"taxonomy":"post_tag","embeddable":true,"href":"https:\/\/pesolex.com\/es\/wp-json\/wp\/v2\/tags?post=1019"}],"curies":[{"name":"wp","href":"https:\/\/api.w.org\/{rel}","templated":true}]}}