{"id":1120,"date":"2014-10-17T15:16:49","date_gmt":"2014-10-17T15:16:49","guid":{"rendered":"https:\/\/pesolex.com\/es\/?p=1120"},"modified":"2014-10-18T14:29:45","modified_gmt":"2014-10-18T14:29:45","slug":"estamos-ante-otro-11-de-septiembre-en-curso","status":"publish","type":"post","link":"https:\/\/pesolex.com\/es\/estamos-ante-otro-11-de-septiembre-en-curso\/","title":{"rendered":"Estamos ante otro \u00abpotencial\u00bb 11 de septiembre en curso..?"},"content":{"rendered":"<p><a href=\"https:\/\/pesolex.com\/es\/wp-content\/uploads\/2014\/10\/mess11sett.jpg\"><img loading=\"lazy\" decoding=\"async\" class=\"aligncenter wp-image-1121 size-full\" src=\"https:\/\/pesolex.com\/es\/wp-content\/uploads\/2014\/10\/mess11sett.jpg\" alt=\"mess11sett\" width=\"600\" height=\"749\" \/><\/a>Ciertamente la fecha del <strong>11 de septiembre 2001<\/strong> con el evento delictuoso que lo ha caracterizado, aquel que golpe\u00f3 a las <strong>Torres Gemelas<\/strong>, marca hist\u00f3ricamente como en otras ocasiones hab\u00edamos dicho, el inicio de una serie de advenimientos que tienen como matriz el colapso de nuestra sociedad\u2026y adem\u00e1s <strong>hip\u00f3critamente<\/strong> casi inmediatamente despu\u00e9s de la historia, los representantes a la cabeza de esta naci\u00f3n, han recibido premios en se\u00f1al de que han contribuido a la instauraci\u00f3n de la <strong>\u201cPaz\u201d<\/strong>(<strong>\u00bfCu\u00e1l?)<\/strong> La realidad es que los <strong>Estados Unidos<\/strong> habr\u00edan podido hacer la diferencia para dar un cambio al futuro de la humanidad. Su pol\u00edtica est\u00e1 basada sobre pretextos, y es conocida en todo el mundo como <strong>\u201cel fin justifica los medios\u201d.<\/strong><\/p>\n<address><a href=\"http:\/\/solexmalidiomauniversale.blogspot.it\/search?q=11+SETTEMBRE\" target=\"_blank\">http:\/\/solexmalidiomauniversale.blogspot.it\/search?q=11+SETTEMBRE<\/a><\/address>\n<address><strong>Sobre el 11 de septiembre de 2001<\/strong><\/address>\n<address><a href=\"http:\/\/www.solexmalidiomauniversale.blogspot.com.ar\/2013\/09\/lattuale-situazione-di-alcuni-aspetti.html\" target=\"_blank\">http:\/\/www.solexmalidiomauniversale.blogspot.com.ar\/2013\/09\/lattuale-situazione-di-alcuni-aspetti.html<\/a><\/address>\n<address><strong>S<\/strong><strong>obre el 11 de septiembre de 2001<\/strong><\/address>\n<address><a href=\"https:\/\/pesolex.com\/es\/el-rol-de-los-estados-unidos-hoy-en-el-mundo\/\" target=\"_blank\">https:\/\/pesolex.com\/es\/el-rol-de-los-estados-unidos-hoy-en-el-mundo\/<\/a><\/address>\n<address><strong>EI Rol de los Estados Unidos (Usa) hoy en el mundo por Eugenio Siragusa<\/strong><strong><br \/>\n<iframe loading=\"lazy\" src=\"\/\/www.youtube.com\/embed\/XA5XYLp1zIA\" width=\"420\" height=\"315\" frameborder=\"0\" allowfullscreen=\"allowfullscreen\"><\/iframe><br \/>\n<\/strong><strong>-Pero desde entonces, \u00bfcu\u00e1ntas otras cosas han sucedido y se han sumado a este \u00abproceso global\u00bb, que, inexorablemente llena la lista de las Espadas de Damocles que penden sobre la cabeza de esta humanidad? Evidentemente son tantas, como tantas vidas humanas perdidas bajo tambi\u00e9n el aspecto puramente pr\u00e1ctico, son espantosamente tantas y de mucha mayor cantidad a aquellas del 11 de septiembre 2001. Pero dejamos al lector la investigaci\u00f3n y la profundizaci\u00f3n sobre cu\u00e1nto hemos afirmado, de las causas generadas por el hombre y los efectos producidos.<\/strong><\/address>\n<p>Ninguno puede eludir ni tampoco puede ignorar, que estamos dentro de <strong><em>un proceso de cambio<\/em><\/strong>, que podr\u00eda y deber\u00eda advenir de la forma m\u00e1s natural posible y lo menos doloroso para permitir aquella transformaci\u00f3n necesaria para proyectar en todas las especies vivientes de nuestro planeta, <strong>uomo in primis (el hombre primero)<\/strong>, hacia un mejor destino, que deber\u00eda permitir el ingreso a la conciencia en una dimensi\u00f3n superior, en buena sustancia, pasar como le gustaba decir a Eugenio: \u201cde un punto sobre una recta, a un punto sobre un volumen\u201d .\u00a0\u00a0S\u00ed, esto suceder\u00e1, pero al mismo tiempo, para que esto suceda, todo deber\u00e1 ser purificado.<\/p>\n<p><a href=\"https:\/\/pesolex.com\/es\/wp-content\/uploads\/2014\/10\/La-terra-e-l-oscillazione-dell-asse-magnetico-1.jpg\"><img loading=\"lazy\" decoding=\"async\" class=\"aligncenter size-medium wp-image-1122\" src=\"https:\/\/pesolex.com\/es\/wp-content\/uploads\/2014\/10\/La-terra-e-l-oscillazione-dell-asse-magnetico-1-300x261.jpg\" alt=\"La-terra-e-l-oscillazione-dell-asse-magnetico-1\" width=\"300\" height=\"261\" srcset=\"https:\/\/pesolex.com\/es\/wp-content\/uploads\/2014\/10\/La-terra-e-l-oscillazione-dell-asse-magnetico-1-300x261.jpg 300w, https:\/\/pesolex.com\/es\/wp-content\/uploads\/2014\/10\/La-terra-e-l-oscillazione-dell-asse-magnetico-1-100x87.jpg 100w, https:\/\/pesolex.com\/es\/wp-content\/uploads\/2014\/10\/La-terra-e-l-oscillazione-dell-asse-magnetico-1-150x130.jpg 150w, https:\/\/pesolex.com\/es\/wp-content\/uploads\/2014\/10\/La-terra-e-l-oscillazione-dell-asse-magnetico-1-200x174.jpg 200w, https:\/\/pesolex.com\/es\/wp-content\/uploads\/2014\/10\/La-terra-e-l-oscillazione-dell-asse-magnetico-1-450x392.jpg 450w, https:\/\/pesolex.com\/es\/wp-content\/uploads\/2014\/10\/La-terra-e-l-oscillazione-dell-asse-magnetico-1.jpg 550w\" sizes=\"auto, (max-width: 300px) 100vw, 300px\" \/><\/a><\/p>\n<address>la primera de 5 im\u00e1genes representativas que refleja nuestro planeta inmediatamente despu\u00e9s de la dilataci\u00f3n, sufrida como consecuencia de la desviaci\u00f3n del eje magn\u00e9tico. La tierra en contracci\u00f3n est\u00e1 sumergida por las aguas.<\/address>\n<address>(DISE\u00d1O de Eugenio Siragusa 1952)<\/address>\n<address><strong>-Eugenio en el 1952:<\/strong><\/address>\n<address>En estos \u00faltimos tiempos he sentido repetir con frecuencia que el mundo no es m\u00e1s aquel que era 50 a\u00f1os atr\u00e1s, y que muchos advenimientos de naturaleza diversa se manifiestan delante del camino de esta generaci\u00f3n. De hecho, el mundo no es siempre el mismo y nunca lo ha sido, desde que el mundo es mundo. Aquello que hoy nosotros pensamos otros m\u00e1s viejos que nosotros lo pensaron, y lo pensaron tambi\u00e9n aquellos que estuvieron en tiempos remotos.<\/address>\n<address>En realidad, esta <strong><em>gran esfera suspendida en el espacio, <\/em><\/strong>que nos contiene y nos nutre y que nosotros llamamos <strong><em>Tierra<\/em><\/strong>, por su naturaleza cosmol\u00f3gica crece de acuerdo a la medida del tiempo universal. Motivo por el cual se vuelve incomprensible aquel sutil cambio porque comprendemos y reconocemos juzgando con nuestra naturaleza y con nuestro tiempo.<\/address>\n<address>Pero el mundo es el mundo, y eso no se ajusta con nuestros contempor\u00e1neos deseos de mostrarnos siempre lo mismo<\/address>\n<address>Aunque no nos guste, a\u00fan si lo dese\u00e1ramos hacernos crecer barba cuando a\u00fan no es el justo momento, retornar ni\u00f1os cuando ya somos viejos. El crecimiento de cada cosa aporta cambios y esta es una ley universal y eterna, para que ninguno, desde el mineral hasta el hombre, y del mundo al universo, pueda eludir los efectos que por tal indiscutible raz\u00f3n se verifican.<\/address>\n<address>De hecho, el mundo no fue siempre como aparece ante nuestros ojos, cuando, observando en el mapamundi, nos encontramos con sus faz y sus caracter\u00edsticas hechas de corteza terrestre y de mares.<\/address>\n<address>Durante sus <strong>600.953.000 a\u00f1os<\/strong> de vida, seis veces ha cambiado sus caracter\u00edsticas, y <strong>la s\u00e9ptima vez <\/strong>podr\u00eda acontecer<strong> el fat\u00eddico a\u00f1o 2000<\/strong>, propio al cumplimiento del <strong>setecientosmillon\u00e9simo a\u00f1o.<\/strong><\/address>\n<address>Pero mientras para muchos el mundo siempre ha estado igual, no fue as\u00ed en el remoto tiempo para aquellas razas humanas que sin poder darse cuenta de aquello que adven\u00eda, asistieron impotentes y aterrorizados a los efectos apocal\u00edpticos que deber\u00edan a\u00fan, por sexta vez, cambiar la faz del mundo y se volver\u00eda tambi\u00e9n una vez mas a un estado primitivo a los pocos sobrevivientes destinados a perpetuar la vida humana sobre la Tierra.<\/address>\n<address>Ahora, la actual generaci\u00f3n humana est\u00e1 a las puertas del<\/address>\n<address><strong>del a\u00f1o 2000.<\/strong> La atenci\u00f3n tr\u00e1gica de esta fecha se pierde en la atm\u00f3sfera encendida de la actual civilizaci\u00f3n y mientras esta generaci\u00f3n se sumerge a ciegas y con todos <strong> sus defectos morales en la orgia fatal de las conquistas materiales<\/strong>, <strong>las LAGRIMAS DEL SOL<\/strong>, vagando por el espacio, producen en la mente de los <strong>\u201cse\u00f1alados\u201d <\/strong>conciencia, que por extra\u00f1a e inconcebible que pueda parecer a otros no lo son para ellos y para aquellos que comprenden el alt\u00edsimo valor esot\u00e9rico.<\/address>\n<address><strong>Eugenio Siragusa<\/strong><\/address>\n<address>\u00a0<\/address>\n<address><a href=\"https:\/\/pesolex.com\/es\/wp-content\/uploads\/2014\/10\/La-terra-e-l-oscillazione-dell-asse-magnetico-2.jpg\"><img loading=\"lazy\" decoding=\"async\" class=\"aligncenter size-medium wp-image-1123\" src=\"https:\/\/pesolex.com\/es\/wp-content\/uploads\/2014\/10\/La-terra-e-l-oscillazione-dell-asse-magnetico-2-300x192.jpg\" alt=\"La-terra-e-l-oscillazione-dell-asse-magnetico-2\" width=\"300\" height=\"192\" srcset=\"https:\/\/pesolex.com\/es\/wp-content\/uploads\/2014\/10\/La-terra-e-l-oscillazione-dell-asse-magnetico-2-300x192.jpg 300w, https:\/\/pesolex.com\/es\/wp-content\/uploads\/2014\/10\/La-terra-e-l-oscillazione-dell-asse-magnetico-2-100x64.jpg 100w, https:\/\/pesolex.com\/es\/wp-content\/uploads\/2014\/10\/La-terra-e-l-oscillazione-dell-asse-magnetico-2-150x96.jpg 150w, https:\/\/pesolex.com\/es\/wp-content\/uploads\/2014\/10\/La-terra-e-l-oscillazione-dell-asse-magnetico-2-200x128.jpg 200w, https:\/\/pesolex.com\/es\/wp-content\/uploads\/2014\/10\/La-terra-e-l-oscillazione-dell-asse-magnetico-2-450x289.jpg 450w, https:\/\/pesolex.com\/es\/wp-content\/uploads\/2014\/10\/La-terra-e-l-oscillazione-dell-asse-magnetico-2-600x385.jpg 600w, https:\/\/pesolex.com\/es\/wp-content\/uploads\/2014\/10\/La-terra-e-l-oscillazione-dell-asse-magnetico-2.jpg 700w\" sizes=\"auto, (max-width: 300px) 100vw, 300px\" \/><\/a><\/address>\n<address>la segunda im\u00e1gen de 5 representaciones que retrotrae a nuestro planeta nuevamente bajo la acci\u00f3n de la dilataci\u00f3n (DISE\u00d1O de Eugenio Siragusa 1952)<\/address>\n<address>-Un cambio de \u00e9poca, como hemos podido ver sobre cuanto <strong>Eugenio<\/strong>, ha visto y transmitido, y que nos ha <strong><em>anunciado<\/em><\/strong> para este <strong><em>s\u00e9ptimo tiempo<\/em><\/strong>, narr\u00e1ndonos a su vez aquello que <strong><em>seis veces<\/em><\/strong> en el pasado, en otras \u00e9pocas de la historia de la humanidad. El cambio del vuelta del mundo hoy podriamos decirlo, en t\u00e9rminos actuales y modernos, es debido <strong> al desplazamiento del eje magn\u00e9tico<\/strong>, a los cambios sociales que han caracterizado este tiempo, a la crisis del uso sin conciencia del conocimiento del hombre, proyectado a la desenfrenada, como dice <strong>Eugenio,\u00a0<\/strong>conquista de las cosas materiales, que lo ha llevado a los tiempos actuales llegando casi a la extinci\u00f3n total de cada especie viviente sobre el Planeta Tierra.<\/address>\n<address><a href=\"http:\/\/www.centrometeoitaliano.it\/california-esperti-temono-un-disastro-nucleare-peggiore-di-fukushima-19047\" target=\"_blank\">http:\/\/www.centrometeoitaliano.it\/california-esperti-temono-un-disastro-nucleare-peggiore-di-fukushima-19047<\/a><\/address>\n<address><strong>-California, expertos temen un desastre nuclear peor que Fukushima<\/strong><\/address>\n<address><a href=\"http:\/\/terrarealtime.blogspot.com.ar\/2013\/10\/28-dimostrazioni-che-fukushima-sta.html\" target=\"_blank\">http:\/\/terrarealtime.blogspot.com.ar\/2013\/10\/28-dimostrazioni-che-fukushima-sta.html<\/a><\/address>\n<address><strong>-28 demostraciones que Fukushima est\u00e1 devastando el planeta y amenazando la entera humanidad<\/strong><\/address>\n<address>\u201cEstamos hablando de un desastre nuclear que es absolutamente sin precedentes y est\u00e1 en constante empeoramiento . Los siguientes son 28 signos que la costa occidental de Norteam\u00e9rica est\u00e1 absolutamente bombardeada con radiaci\u00f3n nuclear de Fukushima.y que <strong> la humanidad est\u00e1 en riesgo. <\/strong><\/address>\n<address><a href=\"http:\/\/www.vice.com\/it\/read\/intervista-medico-giapponese-shigeru-mita-radiazioni-tokyo\" target=\"_blank\">http:\/\/www.vice.com\/it\/read\/intervista-medico-giapponese-shigeru-mita-radiazioni-tokyo<\/a><\/address>\n<address><strong>-ESTE MEDICO JAPON\u00c9S PIENSA QUE TOKYO SER\u00cdA EVACUADA.<\/strong><\/address>\n<address><a href=\"http:\/\/www.contattoamico.com\/sole-importanti-esplosioni-solari-verso-terra-previste-12-14-settembre\/\" target=\"_blank\">http:\/\/www.contattoamico.com\/sole-importanti-esplosioni-solari-verso-terra-previste-12-14-settembre\/<\/a><\/address>\n<address><strong>Sol: dos importantes explosiones solares sobre la Tierra, previste entre el 12 y el 14 de septiembre<\/strong><\/address>\n<address><a href=\"http:\/\/www.repubblica.it\/scienze\/2014\/04\/24\/news\/il_rischio_che_asteroidi_colpiscano_la_terra_sottostimato-84355503\/\" target=\"_blank\">http:\/\/www.repubblica.it\/scienze\/2014\/04\/24\/news\/il_rischio_che_asteroidi_colpiscano_la_terra_sottostimato-84355503\/<\/a><strong>\u201cRiesgo muy grande de impacto de asteroide\u201d: la alarma de ex astronautas de la Nasa<\/strong><\/address>\n<address><a href=\"http:\/\/video.repubblica.it\/tecno-e-scienze\/asteroidi-sulla-terra-rischio-sottostimato\/163719\/162210?ref=nrct-1\" target=\"_blank\">http:\/\/video.repubblica.it\/tecno-e-scienze\/asteroidi-sulla-terra-rischio-sottostimato\/163719\/162210?ref=nrct-1<\/a><\/address>\n<address><strong>Asteroides sobre la Tierra, riesgo subestimado &#8211;<\/strong><\/address>\n<address>\u00a0<a href=\"http:\/\/www.ansa.it\/sito\/notizie\/mondo\/africa\/2014\/08\/26\/ebola-test-escludono-virus-su-italiana-a-istanbul_1617a8e7-f8f2-4692-8fee-ef8bb4d85d8c.html\" target=\"_blank\">http:\/\/www.ansa.it\/sito\/notizie\/mondo\/africa\/2014\/08\/26\/ebola-test-escludono-virus-su-italiana-a-istanbul_1617a8e7-f8f2-4692-8fee-ef8bb4d85d8c.html<\/a><br \/>\n<b>-Ebola, Oms si prepara ad affrontare 20mila casi.\u00a0Virus fa paura e bilancio cresce: oltre 1500 i morti. Prima vittima in Nigeria fuori da citt\u00e0 di Lagos<\/b><br \/>\n<a href=\"http:\/\/www.guerrenelmondo.it\/?page=static1258218333\" target=\"_blank\">http:\/\/www.guerrenelmondo.it\/?page=static1258218333<\/a><br \/>\n<b>-Conflitti attualmente in corso<\/b><br \/>\n<a href=\"http:\/\/www.primadanoi.it\/news\/ambiente\/527570\/La-Terra-rischia-il-collasso--previsti-problemi-nel-2030-.html\" target=\"_blank\">\u00a0http:\/\/www.primadanoi.it\/news\/ambiente\/527570\/La-Terra-rischia-il-collasso&#8211;previsti-problemi-nel-2030-.html<\/a><br \/>\n<b>-La terra rischia il collasso totale<\/b><\/address>\n<address>\u00a0<\/address>\n<address><strong>\u00bfY si nada es por casualidad y no dejamos que el destino sea tomado por las coincidencias?, <\/strong><\/address>\n<address><strong>Reflexionemos sobre los advenimientos.<\/strong><\/address>\n<address><a href=\"http:\/\/www.corriere.it\/esteri\/14_settembre_09\/missionarie-uccise-burundi-saranno-sepolte-africa-05ef1f52-381c-11e4-876b-2f897d4bd66b.shtml\" target=\"_blank\">http:\/\/www.corriere.it\/esteri\/14_settembre_09\/missionarie-uccise-burundi-saranno-sepolte-africa-05ef1f52-381c-11e4-876b-2f897d4bd66b.shtml<\/a><\/address>\n<address><strong>Las monjas asesinadas en Burindi sepultadas en Africa<\/strong><\/address>\n<address><strong><em>Lucia<\/em><\/strong> Pulici, Olga Raschietti y <strong><em>Bernardetta<\/em><\/strong> Boggian<\/address>\n<address>-Portan los nombres de <strong>las dos videntes<\/strong> que han sido protagonistas de las <strong> Visiones<\/strong> con <strong>la Virgen <\/strong>. La primera ligada a <strong>F\u00e1tima<\/strong>, <strong>(Lucia)<\/strong> como hemos visto, porta consigo el mensaje m\u00e1s importante de la historia de la humanidad, a la luz de los nuevos desenlaces con los tonos siempre m\u00e1s apocal\u00edpticos. y la otra ligada a <strong>Lourdes (Bernadette), recordamos que la Virgen se le aparece de Febrero a Julio de 1858, una de estas apariciones acaecidas el <em>25 de marzo<\/em>\u2026(d\u00eda del nacimiento de Eugenio Siragusa) no agrego m\u00e1s&#8230;<\/strong><\/address>\n<address><strong>Un claro signo, que la presencia y el PESO de la Celeste Se\u00f1ora con su m\u00e1s Ilustre Mensajero del Cielo, ambos COMUNICADORES de la Voluntad Divina, deben \u201csufrir\u201d por sus creencias, el mismo fin de los tres Angeles que prestaban servicio en Africa\u2026!? Reflexionad, determinad y deducid.<\/strong><\/address>\n<address>-Otro advenimiento\u2026y advertencia\u2026<\/address>\n<address><a href=\"\u00a0http:\/www.iltempo.it\/cronache\/2014\/09\/07\/alluvione-nel-gargano-due-morti-e-tante-frane-1.1303410\"><strong>\u00a0<\/strong><\/a><a href=\"http:\/\/www.iltempo.it\/cronache\/2014\/09\/07\/alluvione-nel-gargano-due-morti-e-tante-frane-1.1303410\" target=\"_blank\">http:\/\/www.iltempo.it\/cronache\/2014\/09\/07\/alluvione-nel-gargano-due-morti-e-tante-frane-1.1303410<\/a><\/address>\n<address><strong>Inundaciones en Gargano. Dos muertos y muchos deslizamientos de tierra.<\/strong><\/address>\n<address><strong><em>Extensos da\u00f1os en la localidad del Padre Pio.\u00a0<\/em><\/strong><\/address>\n<address><strong>Un alud excepcional como no acaec\u00eda hace mucho a\u00f1os Las zonas ,m\u00e1s afectadas han sido Peschici, Vieste, Rodi Garganico, Vico del Gargano, Carpino, San Marco en Lamis y<em> San Giovanni Rotondo<\/em><\/strong><\/address>\n<address>-Como si<strong> <em>Padre Pio<\/em><\/strong>, habl\u00e1bamos tambi\u00e9n de \u00e9l en estos d\u00edas, a prop\u00f3sito del video: <strong><em>\u201cEl estupor de Dios\u201d \u00a0 <\/em><\/strong>\u00a0asociandolo al fin de los tiempos, en la nota: \u201c<strong><em>A\u00fan la Virgen de Fatima y su mensaje protagonista de las Potencias Celestiales\u201d<\/em><\/strong> ha respondido manifestado<strong> el querer del Padre Glorioso<\/strong>..<strong>.<em>Padre Pio recordemo es es el <\/em><\/strong> <strong><em>estigmatizado ilustre del Querer Divino.\u2026<\/em><\/strong><\/address>\n<address><strong>A los Potentes de la Tierra.<\/strong><\/address>\n<address><strong>No os arrogu\u00e9is el derecho de ser los patrones del mundo. No lo sois! <\/strong> Ten\u00e9is solo le permiso de habitarlo y de custodiarlo.<\/address>\n<address><strong>Ten\u00e9is la concesi\u00f3n del Padre Creativo, porque la habitaci\u00f3n es suya. Sabed muy bien que su casa est\u00e1 hecha de muchas habitaciones.<\/strong><\/address>\n<address>Ha sido dicho y escrito.<strong> \u201cNo os hag\u00e1is los ignorantes\u201d.<\/strong> <strong>El Mundo es de toda la Humanidad, hasta cuando demostrar\u00e1 de tener cura seg\u00fan el Querer del Patr\u00f3n que lo ha permitido sin pedir nada y con precisos pactos de deberes y derechos.<\/strong><\/address>\n<address><strong>Atentos <\/strong>pues, porque si no respet\u00e1is los pactos, el Patr\u00f3n (vosotros sab\u00e9is muy bien qui\u00e9n es), podr\u00eda expulsaros y mandaros a otra parte. Donde no existe la luz. Y entonces no ser\u00e9is m\u00e1s lo que est\u00e1 bajo sus pies, sino que ser\u00e9is algo peor.<\/address>\n<address>Cuidad de mereceros el Mundo que os ha sido concedido de habitar y de gozar, sabiamente, con amor y gratitud, de su leche y de su miel.<\/address>\n<address>Por desgracia, sabemos que, adem\u00e1s de creeros los patrones, os conced\u00e9is la libertad de destruir, de desarmonizar, de envenenar, de explotar, sin responsable discernimiento, esta habitaci\u00f3n del Se\u00f1or.<\/address>\n<address>Os aseguramos que haciendo as\u00ed ser\u00e9is desalojados, expulsados, no les contamos una f\u00e1bula, sino que decimos cuanto conocemos y es Verdad.<\/address>\n<address>Os hamos una vez m\u00e1s dicho de poner las cosas en su justo sitio. Os lo repetimos tambi\u00e9n, y si hac\u00e9is esto bien, el amor del Patr\u00f3n se podr\u00e1 anteponer a la Justicia.<\/address>\n<address>Pero si ignor\u00e1is la advertencia y la solicitud que os traemos, entonces no habr\u00e1 escapatoria para vosotros.<\/address>\n<address>As\u00ed como ha sido escrito suceder\u00e1.<\/address>\n<address><strong><em>Sacudir\u00e1n la tierra, el aire, el agua y el fuego y los cuatro jinetes, puestos en los cuatro \u00e1ngulos de la Tierra, <\/em><\/strong> herir\u00e1n de muerte a todos aquello que han desobedecido y licenciadamente han perseverado en el error con esp\u00edritu diab\u00f3lico.<\/address>\n<address>Recordad: ha sido dicho tambi\u00e9n quienes heredar\u00e1n la Tierra. No lo olvid\u00e9is.<\/address>\n<address><strong>Woodok De la Cristall-Bell Nicolosi, 10 de Enero de 1977 12,20 hs.<\/strong>\u00a0<\/address>\n<p><iframe loading=\"lazy\" src=\"\/\/www.youtube.com\/embed\/pw8aL1hP-Yg\" width=\"560\" height=\"315\" frameborder=\"0\" allowfullscreen=\"allowfullscreen\"><\/iframe><\/p>\n<p><strong>El Estupor de Dios\u00a0<\/strong><\/p>\n<h2><strong>Atentos! Atentos! Hombres del Planeta Tierra<\/strong><\/h2>\n<address><strong>El fuego<\/strong>,\u00a0e<strong>l agua<\/strong>,\u00a0e<strong>l aire<\/strong>\u00a0y\u00a0<strong>la tierra<\/strong>\u00a0no os dar\u00e1n tregua hasta el d\u00eda que comprend\u00e1is que estos son parte inseparable del Esp\u00edritu Creativo del Cosmos.<\/address>\n<address>Los Esp\u00edritus Elementales os destruir\u00e1n si no os propon\u00e9is de poner en equilibrio lo que hab\u00e9is seria y ego\u00edsticamente da\u00f1ado.<\/address>\n<address>Hab\u00e9is comprometido de modo irreparable vuestra Misi\u00f3n de tutela sobre las cosas que os han sido confiadas por la Suprema y Eterna Ley del Devenir.<\/address>\n<address>Vuestra diab\u00f3lica sed de destruir os ha puesto delante de un severo juicio y de una condena pesada!<\/address>\n<address>Los esp\u00edritus elementales ser\u00e1n vuestros acusadores y tambi\u00e9n los ejecutores de la pena, fruto de vuestro inconsciente obrar.<\/address>\n<address><strong>El fuego, el agua, el aire y la tierra <\/strong> os negar\u00e1n la linfa de la vida y de cada cosa arremeter\u00e1 con la furia irrefrenable de sus tit\u00e1nicas fuerzas, movidos por la Ley inviolable de la Justicia Divina.<\/address>\n<address>Bienaventurados aquellos que han dado h\u00e1lito a las trompetas apocal\u00edpticas y que se han esmerado con amor y dedicaci\u00f3n para la salvaci\u00f3n de los instrumentos creativos de Dios.<\/address>\n<address>Estos tendr\u00e1n por amigos al fuego, al agua, al aire y a la tierra, y a todo aquello que viva en el seno de la \u00abMadre Tierra\u00bb y que est\u00e9 ligado a la luz pur\u00edsima del supremo Arquitecto de la Creaci\u00f3n. Los \u00abZigos\u00bb, enemigos de los imp\u00edos, vigilantes custodios de la armon\u00eda creativa, ejecutores infalibles de la justicia universal, est\u00e1n en la Tierra para impedir al hombre que desuna cuanto Dios ha unido y que destruya cuanto Dios ama y que es garant\u00eda de gracia para la felicidad de aquellos que heredar\u00e1n su reino en la Tierra.<\/address>\n<address>Atentos, pues, atentos, porque es verdad que las fuerzas elementales actuar\u00e1n sobre cada cosa que de ellas dependa, pues as\u00ed se les ha encomendado. Trenes, barcos, aviones, aparatos en general, y todo cuanto forma parte de la psique nacida de las fuerzas primarias de la materia, ser\u00e1n medios de destrucci\u00f3n para el hombre, convertido en genio del mal, en enemigo del Dios viviente. \u00a1No tem\u00e1is vosotros que am\u00e1is a Dios, en toda su real manifestaci\u00f3n, no tem\u00e1is!<\/address>\n<address>Dios os ama.<\/address>\n<address><strong> Del cielo a la tierra <\/strong><\/address>\n<address><strong>Los custodios del templo de Dios. <\/strong><\/address>\n<address><strong>S. M. la Stella, <\/strong><\/address>\n<address><strong>22 de agosto de 1971 &#8211; 16,30 horas. <\/strong><\/address>\n<address><strong>Eugenio Siragusa<\/strong><\/address>\n<address>\u00a0<\/address>\n<address><strong>Abrazo a todos <\/strong><\/address>\n<address><strong>Filippo Bongiovanni<\/strong><\/address>\n<address>\u00a0<\/address>\n<address><span style=\"text-decoration: underline;\"><strong>Profundizaciones:<\/strong><\/span><\/address>\n<address><a href=\"http:\/\/solexmalidiomauniversale.blogspot.it\/2014\/08\/ancora-la-madonna-di-fatima-e-il-suo.html\" target=\"_blank\">http:\/\/solexmalidiomauniversale.blogspot.it\/2014\/08\/ancora-la-madonna-di-fatima-e-il-suo.html<\/a><\/address>\n<address><strong>Tambi\u00e9n la Virgen de F\u00e1tima y su mensaje protagonista de las Potencias Celestes<\/strong><\/address>\n<address><a href=\"http:\/\/solexmalidiomauniversale.blogspot.it\/2014\/09\/la-madonna-di-fatima-e-la-russia-con-la.html\" target=\"_blank\">http:\/\/solexmalidiomauniversale.blogspot.it\/2014\/09\/la-madonna-di-fatima-e-la-russia-con-la.html<\/a><\/address>\n<address><strong>La Virgen de F\u00e1tima y Rusia, con el fin de esta generaci\u00f3n<\/strong><\/address>\n","protected":false},"excerpt":{"rendered":"<p>Ciertamente la fecha del 11 de septiembre 2001 con el evento delictuoso que lo ha caracterizado, aquel que golpe\u00f3 a las Torres Gemelas, marca hist\u00f3ricamente como en otras ocasiones hab\u00edamos dicho, el inicio de una serie de advenimientos que tienen &hellip;<\/p>\n<p class=\"read-more\"> <a class=\"more-link\" href=\"https:\/\/pesolex.com\/es\/estamos-ante-otro-11-de-septiembre-en-curso\/\"> <span class=\"screen-reader-text\">Estamos ante otro \u00abpotencial\u00bb 11 de septiembre en curso..?<\/span> Leer m\u00e1s \u00bb<\/a><\/p>\n","protected":false},"author":3,"featured_media":1121,"comment_status":"closed","ping_status":"closed","sticky":false,"template":"","format":"standard","meta":{"_monsterinsights_skip_tracking":false,"_monsterinsights_sitenote_active":false,"_monsterinsights_sitenote_note":"","_monsterinsights_sitenote_category":0,"footnotes":""},"categories":[1],"tags":[],"class_list":["post-1120","post","type-post","status-publish","format-standard","has-post-thumbnail","hentry","category-sin-categoria"],"_links":{"self":[{"href":"https:\/\/pesolex.com\/es\/wp-json\/wp\/v2\/posts\/1120","targetHints":{"allow":["GET"]}}],"collection":[{"href":"https:\/\/pesolex.com\/es\/wp-json\/wp\/v2\/posts"}],"about":[{"href":"https:\/\/pesolex.com\/es\/wp-json\/wp\/v2\/types\/post"}],"author":[{"embeddable":true,"href":"https:\/\/pesolex.com\/es\/wp-json\/wp\/v2\/users\/3"}],"replies":[{"embeddable":true,"href":"https:\/\/pesolex.com\/es\/wp-json\/wp\/v2\/comments?post=1120"}],"version-history":[{"count":8,"href":"https:\/\/pesolex.com\/es\/wp-json\/wp\/v2\/posts\/1120\/revisions"}],"predecessor-version":[{"id":1125,"href":"https:\/\/pesolex.com\/es\/wp-json\/wp\/v2\/posts\/1120\/revisions\/1125"}],"wp:featuredmedia":[{"embeddable":true,"href":"https:\/\/pesolex.com\/es\/wp-json\/wp\/v2\/media\/1121"}],"wp:attachment":[{"href":"https:\/\/pesolex.com\/es\/wp-json\/wp\/v2\/media?parent=1120"}],"wp:term":[{"taxonomy":"category","embeddable":true,"href":"https:\/\/pesolex.com\/es\/wp-json\/wp\/v2\/categories?post=1120"},{"taxonomy":"post_tag","embeddable":true,"href":"https:\/\/pesolex.com\/es\/wp-json\/wp\/v2\/tags?post=1120"}],"curies":[{"name":"wp","href":"https:\/\/api.w.org\/{rel}","templated":true}]}}