{"id":1177,"date":"2011-11-13T06:15:53","date_gmt":"2011-11-13T06:15:53","guid":{"rendered":"https:\/\/pesolex.com\/es\/?p=1177"},"modified":"2014-10-23T06:21:52","modified_gmt":"2014-10-23T06:21:52","slug":"que-quieren-los-alienigenas-demonios-o-extraterrestres","status":"publish","type":"post","link":"https:\/\/pesolex.com\/es\/que-quieren-los-alienigenas-demonios-o-extraterrestres\/","title":{"rendered":"\u201c\u00bfQu\u00e9 quieren los alien\u00edgenas?\u201d&#8230; \u201c\u00bfDEMONIOS o EXTRATERRESTRES?\u201d"},"content":{"rendered":"<p class=\"post-title entry-title\"><a title=\"Escritos Filippo Bongiovanni\" href=\"https:\/\/pesolex.com\/es\/escritos-filippo-bongiovanni\/\">\u201c\u00bfQu\u00e9 quieren los alien\u00edgenas?\u201d&#8230; \u201c\u00bfDEMONIOS o EXTRATERRESTRES?\u201d:<\/a><\/p>\n<p><strong>Giulio y Donato<\/strong>, son dos conocidos m\u00edos con quienes\u00a0 me reun\u00ed a Mil\u00e1n, para un curso de formaci\u00f3n que tuve hacer algunos a\u00f1os atr\u00e1s&#8230; inevitable para m\u00ed, que se hablara de ciertos temas que afectan a la vida, la\u00a0 religi\u00f3n y la presencia Extraterrestre&#8230; He mantenido un excelente relaci\u00f3n y desde hac\u00eda mucho que no ten\u00eda noticias suyas&#8230;<\/p>\n<p>Me han se\u00f1alado un art\u00edculo, bastante agresivo, dentro de una revista dirigida por un viejo conocido: El <strong>Dr. Roberto Pinotti.<\/strong> Conozco al <strong>\u00abPinotti\u201d<\/strong>, que entonces era denominado \u00abPinocho\u00bb, precisamente porque, debido a las falsas acusaciones e informaciones que propinaba, llamaba la atenci\u00f3n con tal de vender alguna copia de sus revistas o libros.<\/p>\n<p>Exactamente por su comportamiento, aunque en este caso, el autor de estas tonter\u00edas no es \u00e9l, no s\u00f3lo permit\u00eda y permite difamar argumentos muy serios y profundos, con deducciones del tipo como con frecuencia nos <strong>recordaba Eugenio \u00abcuando el absurdo pasar\u00e1 a ser CONCEBIBLE<\/strong>\u201d, sino tambi\u00e9n de asociarlas a ciertas conclusiones a su voluntad, en su caso espec\u00edfico falsear&#8230;!! Bien, el \u00abPinotti\u00bb es ese individuo, que se deber\u00eda interesar, tanto para comenzar y no sabemos todav\u00eda qu\u00e9 est\u00e1 esperando, de publicar y decirlo tambi\u00e9n p\u00fablicamente, de falso <strong>caso URZI <\/strong>y tiene las pruebas&#8230;!! Qu\u00e9 es lo que est\u00e1 esperando&#8230;!!? ? \u00bfA cu\u00e1l \u00abCOVER up\u00bb le hace el juego&#8230;!!? ? Cerrado esta par\u00e9ntesis, se deber\u00eda tambi\u00e9n recordar, que con el enga\u00f1o se aproxim\u00f3 al \u00f3rgano de informaci\u00f3n de la obra de <strong>Eugenio Siragusa<\/strong>, que entonces dirig\u00eda, era el final el <strong>a\u00f1o 1986<\/strong> y nos pidi\u00f3 documentaci\u00f3n que pudiera serle \u00fatil, para luego producir art\u00edculos que resultaran totalmente denigrantes y difamatorios al respecto del mismo contactado.<\/p>\n<p>El contactado, me hab\u00eda amablemente autorizado a donar documentaci\u00f3n, como siempre sin pedir nada a cambio, esta actitud de traici\u00f3n, con lo anteriormente expresado, en una nota de transmisi\u00f3n televisiva conducida por Mauricio Costanzo, donde malintencionadamente manifest\u00f3 de comunicar con \u00ab<strong>VIVA SATISFACCI\u00d3N<\/strong>\u00bb el comienzo de su calvario, que se concluir\u00eda como todos\u00a0 recordar\u00e1n, con la caducidad de de todos los cargos de imputaci\u00f3n y <strong>CON LA PLENA ABSOLUCI\u00d3N.<\/strong><\/p>\n<p>Pues bien, les costar\u00eda una denuncia, por parte de <strong>Eugenio<\/strong> por difamaci\u00f3n en la prensa, dado tambi\u00e9n los precedentes. Un poder hecho para m\u00ed, personalmente, de parte de Eugenio, con el cual pod\u00eda representarlo legal y penalmente hasta hoy y por tiempo indefinido, me permiti\u00f3 actuar en su defensa, <strong>en 1987.<\/strong><\/p>\n<p><strong>EL \u00abPINOTTI\u00bb, NO RECUERDA COMO CORRECTAMENTE DEB\u00cdA HABER HECHO, DESPU\u00c9S DE LA ACUSACI\u00d3N P\u00daBLICA, DE DISCULPARSE. DEBER\u00cdA HABER HABLADO SOBRE LA INJUSTA PERSECUCI\u00d3N SUFRIDA Y LOS DA\u00d1OS A EUGENIO Y DE SU TOTAL AJENIDAD A LOS HECHOS Y CON SU PLENA ABSOLUCI\u00d3N, PERO NO DIJO NI SIQUIERA COMO \u00abBUEN UFOLOGO\u00bb EL POR QU\u00c9 SE PRODUJERON ESOS 20000 CASOS DE AVISTAMIENTOS EN TODO EL MUNDO DURANTE AQUELLA INJUSTA ACUSACI\u00d3N.\u201d.!!!<\/strong><\/p>\n<p>Respondo como lo hice entonces, tanto para ustedes el tiempo no pasa nunca y son ustedes quienes han permanecido como cuando el agua se detiene y se estanca&#8230;!!<\/p>\n<p><strong>El testigo del Eterno Presente <\/strong><\/p>\n<p><strong>Filippo Bongiovanni<br \/>\n<\/strong><br \/>\n<a href=\"http:\/\/www.centroufologiconazionale.net\/ufomagazinecun\/ufomag21.htm\">http:\/\/www.centroufologiconazionale.net\/ufomagazinecun\/ufomag21.htm<\/a><br \/>\n\u00bb REVISTA UFO\u00bb (SEPTIEMBRE 2011) DE MORENO TAMBELLINI<\/p>\n<p><strong>\u201cLOS OVNIS\u2026. no, no no existen: todo mentira&#8230; fantas\u00eda brotada de la mente\u201d<\/strong><strong><br \/>\n<strong>\u201c\u00bfLos extraterrestres?&#8230; Si, si, existen pero son tiranos y malignos\u201d.<\/strong><\/p>\n<p><\/strong><\/p>\n<p>Las \u00faltimas pueriles e ilusorias conclusiones de los imb\u00e9ciles y cobardes expertos de esta sociedad. Estas afirmaciones surgidas de la rom\u00e1ntica irrealidad a la medida exacta de quienes son menos de lo que en realidad creen de ser. Cierto, ser\u00eda conveniente que fuera as\u00ed; para todos los malhechores, crueles y sanguinarios seres que habitan este maravilloso planeta, ya reducido a un verdadero y propio chiquero.<\/p>\n<p>Una cosa es cierta, que de aqu\u00ed a no mucho tiempo la gran verdad universal, la que se alimenta con pan y es diseminada con agua de la vida, pronto muy pronto, como ha sido dicho y escrito \u00ab<strong>De bajo tierra saldr\u00e1 a la luz\u00bb.<\/strong><\/p>\n<p><strong>EUGENIO SIRAGUSA Y SU OBRA EN EL MUNDO\u00a0 <\/strong><\/p>\n<p><strong>No sois dignos siquiera de pronunciar su nombre. <\/strong><\/p>\n<p>A los hombres les fue concedida la gracia m\u00e1s alta que nunca hubieran podido esperar, pero los hombres no la han incorporado, ni se sintieron en la obligaci\u00f3n de reconocer los frutos de su belleza y su deseo.<\/p>\n<p>No, las palabras de esta generosa alma se quedaron en letra muerta en la conciencia de esta humanidad b\u00e1rbara y c\u00ednica, vestida de luto y de injusticia.<br \/>\n<strong>No, hombres de la tierra, no sois vosotros ni siquiera dignos de nombrar su nombre<\/strong> porque es cierto, que su Divina presencia no ha bastado para vencer la muerte en vuestros corazones y la maldad de vuestros perversos esp\u00edritus.<\/p>\n<p>Pero es todav\u00eda siempre cierto que las <strong>Potencias del Cielo <\/strong>han sido movilizadas y la Santa milicia de <strong>Cristo<\/strong> ha llegado en socorro de todos los <strong>sedientos de justicia<\/strong> para luchar contra la \u00faltima decisiva batalla <strong>contra las legiones de Lucifer<\/strong>, due\u00f1o absoluto de un tercio de la humanidad.<\/p>\n<p>S\u00ed, hijos del mundo, las celestes legiones del Padre ya se encuentran en su espacio para dar consuelo y luz de magnitud a este gran hombre que ha donado su vida para la liberaci\u00f3n y la redenci\u00f3n de toda la humanidad. Pero in\u00fatilmente, porque s\u00f3lo unos pocos han seguido su grandeza y su Divino, amoroso compromiso.<\/p>\n<p>Ahora el juicio inapelable del <strong>Padre Glorioso<\/strong> os golpear\u00e1 los ri\u00f1ones y los corazones porque, una vez m\u00e1s, <strong>su Santa voluntad, personificada en Eugenio Siragusa<\/strong>, fue rechazada y blasfemada como en el tiempo de 2.000 a\u00f1os atr\u00e1s. Hab\u00e9is permanecido fr\u00edos e insensibles ante el amor que llama el amor y frente a la levadura de la Justicia.<\/p>\n<p>Ahora tendr\u00e9is necesariamente que pagar la culpa por no haber cre\u00eddo en \u00e9l, por no haber prestado atenci\u00f3n a los frutos de sus obras que deb\u00edan darles discernimiento y lumen de raz\u00f3n.<\/p>\n<p>Los males m\u00e1s duros est\u00e1n a las puertas y, con ellos, la remuneraci\u00f3n justa para todos los pecados cometidos contra la <strong>Madre Tierra<\/strong> y contra los habit\u00e1culos vivos de la <strong>Solar Fuerza<\/strong><strong> Omnicreante<\/strong>. <strong>La obra de Eugenio Siragusa<\/strong> ya ha sido entregada a la memoria de Dios y el cofre m\u00e1s valioso del templo del <strong>Esp\u00edritu Omnicreante<\/strong>.<\/p>\n<p><strong>No, hombres de la tierra, no sois vosotros ni siquiera dignos de nombrarle!<\/strong><br \/>\n<strong><br \/>\n<strong>\u201cLa sigla OVNI es para nosotros una terminolog\u00eda prehist\u00f3rica\u201d <\/strong><\/strong><\/p>\n<p><strong>Conversemos un poco <\/strong><br \/>\n<strong>\u00abO.V.N.I.\u201d<\/strong><strong>\u00a0<\/strong>para quien no conoce, para quien no quiere conocer.<br \/>\nLa realidad de lo que se quiere definir con la adornada desgastada sigla \u00abU. F. O\u00bb. es prehist\u00f3rica, as\u00ed como son injustificables las terminolog\u00edas que usaron los antiguos para transmitir a futuros lo que vieron, tocaron, sintieron.<\/p>\n<p>La historia se es siempre repetida, incluso si la presunci\u00f3n y la ignorancia del hombre predispuesto a interpretarla como hubiera debido, lo han llevado a explotarlo para fines muy distintos y conocidos. Ahora que la historia se est\u00e1 repitiendo, afirmar que <strong>los \u00e1ngeles de ayer no son otra cosa que los extraterrestres hoy,<\/strong> significar\u00eda el colapso total de todos aquellos edificios que poseen los hilos del dominio pol\u00edtico, temporal y espiritual.<\/p>\n<p>Parece evidente el porqu\u00e9 de la metodolog\u00eda del descr\u00e9dito, del silencio, de las tergiversaciones y las amenazas. Por eso se prefiere la sigla \u00abO. V. N. I.\u00bb, porque la verdad hace mal y podr\u00eda cambiar el modo de actuar y de pensar los hombres, contra el alambre de p\u00faas de los dominadores evidentes y ocultos.<\/p>\n<p>Pero, esta vez, las diversas historias deben tener su ep\u00edlogo, nadie puede oponerse, ni siquiera los sanedrines ufol\u00f3gicos.<\/p>\n<p>Hemos hablado un poco.<br \/>\n<strong>Un amigo del hombre.<\/strong><strong><br \/>\n<strong>Eugenio Siragusa<\/strong><br \/>\n<strong>Nicolosi, 3 de marzo 1986<\/strong>\u00a0<\/strong><\/p>\n<p>&nbsp;<\/p>\n<p><a href=\"https:\/\/pesolex.com\/es\/wp-content\/uploads\/2014\/10\/eugeni24.jpg\"><img loading=\"lazy\" decoding=\"async\" class=\"aligncenter size-full wp-image-1178\" src=\"https:\/\/pesolex.com\/es\/wp-content\/uploads\/2014\/10\/eugeni24.jpg\" alt=\"eugeni24\" width=\"73\" height=\"123\" \/><\/a><\/p>\n<p>&nbsp;<\/p>\n","protected":false},"excerpt":{"rendered":"<p>\u201c\u00bfQu\u00e9 quieren los alien\u00edgenas?\u201d&#8230; \u201c\u00bfDEMONIOS o EXTRATERRESTRES?\u201d: Giulio y Donato, son dos conocidos m\u00edos con quienes\u00a0 me reun\u00ed a Mil\u00e1n, para un curso de formaci\u00f3n que tuve hacer algunos a\u00f1os atr\u00e1s&#8230; inevitable para m\u00ed, que se hablara de ciertos temas &hellip;<\/p>\n<p class=\"read-more\"> <a class=\"more-link\" href=\"https:\/\/pesolex.com\/es\/que-quieren-los-alienigenas-demonios-o-extraterrestres\/\"> <span class=\"screen-reader-text\">\u201c\u00bfQu\u00e9 quieren los alien\u00edgenas?\u201d&#8230; \u201c\u00bfDEMONIOS o EXTRATERRESTRES?\u201d<\/span> Leer m\u00e1s \u00bb<\/a><\/p>\n","protected":false},"author":3,"featured_media":1178,"comment_status":"closed","ping_status":"closed","sticky":false,"template":"","format":"standard","meta":{"_monsterinsights_skip_tracking":false,"_monsterinsights_sitenote_active":false,"_monsterinsights_sitenote_note":"","_monsterinsights_sitenote_category":0,"footnotes":""},"categories":[6,15,40],"tags":[],"class_list":["post-1177","post","type-post","status-publish","format-standard","has-post-thumbnail","hentry","category-epiritual","category-ovni","category-signos"],"_links":{"self":[{"href":"https:\/\/pesolex.com\/es\/wp-json\/wp\/v2\/posts\/1177","targetHints":{"allow":["GET"]}}],"collection":[{"href":"https:\/\/pesolex.com\/es\/wp-json\/wp\/v2\/posts"}],"about":[{"href":"https:\/\/pesolex.com\/es\/wp-json\/wp\/v2\/types\/post"}],"author":[{"embeddable":true,"href":"https:\/\/pesolex.com\/es\/wp-json\/wp\/v2\/users\/3"}],"replies":[{"embeddable":true,"href":"https:\/\/pesolex.com\/es\/wp-json\/wp\/v2\/comments?post=1177"}],"version-history":[{"count":1,"href":"https:\/\/pesolex.com\/es\/wp-json\/wp\/v2\/posts\/1177\/revisions"}],"predecessor-version":[{"id":1179,"href":"https:\/\/pesolex.com\/es\/wp-json\/wp\/v2\/posts\/1177\/revisions\/1179"}],"wp:featuredmedia":[{"embeddable":true,"href":"https:\/\/pesolex.com\/es\/wp-json\/wp\/v2\/media\/1178"}],"wp:attachment":[{"href":"https:\/\/pesolex.com\/es\/wp-json\/wp\/v2\/media?parent=1177"}],"wp:term":[{"taxonomy":"category","embeddable":true,"href":"https:\/\/pesolex.com\/es\/wp-json\/wp\/v2\/categories?post=1177"},{"taxonomy":"post_tag","embeddable":true,"href":"https:\/\/pesolex.com\/es\/wp-json\/wp\/v2\/tags?post=1177"}],"curies":[{"name":"wp","href":"https:\/\/api.w.org\/{rel}","templated":true}]}}