{"id":1931,"date":"2015-04-25T11:11:55","date_gmt":"2015-04-25T11:11:55","guid":{"rendered":"https:\/\/pesolex.com\/es\/?p=1931"},"modified":"2015-04-25T20:18:29","modified_gmt":"2015-04-25T20:18:29","slug":"de-la-tierra-a-los-hombres","status":"publish","type":"post","link":"https:\/\/pesolex.com\/es\/de-la-tierra-a-los-hombres\/","title":{"rendered":"DE LA TIERRA A LOS HOMBRES"},"content":{"rendered":"<p><span id=\"result_box\" class=\"\" lang=\"es\"><a href=\"https:\/\/pesolex.com\/es\/wp-content\/uploads\/2015\/04\/te1-kF7D-U4301017122951104nB-1224x916@Corriere-Web-Sezioni-593x443-300x224.jpg\"><img loading=\"lazy\" decoding=\"async\" class=\"alignleft size-full wp-image-1938\" src=\"https:\/\/pesolex.com\/es\/wp-content\/uploads\/2015\/04\/te1-kF7D-U4301017122951104nB-1224x916@Corriere-Web-Sezioni-593x443-300x224.jpg\" alt=\"te1-kF7D-U4301017122951104nB-1224x916@Corriere-Web-Sezioni-593x443-300x224\" width=\"300\" height=\"224\" srcset=\"https:\/\/pesolex.com\/es\/wp-content\/uploads\/2015\/04\/te1-kF7D-U4301017122951104nB-1224x916@Corriere-Web-Sezioni-593x443-300x224.jpg 300w, https:\/\/pesolex.com\/es\/wp-content\/uploads\/2015\/04\/te1-kF7D-U4301017122951104nB-1224x916@Corriere-Web-Sezioni-593x443-300x224-100x75.jpg 100w, https:\/\/pesolex.com\/es\/wp-content\/uploads\/2015\/04\/te1-kF7D-U4301017122951104nB-1224x916@Corriere-Web-Sezioni-593x443-300x224-150x112.jpg 150w, https:\/\/pesolex.com\/es\/wp-content\/uploads\/2015\/04\/te1-kF7D-U4301017122951104nB-1224x916@Corriere-Web-Sezioni-593x443-300x224-200x149.jpg 200w\" sizes=\"auto, (max-width: 300px) 100vw, 300px\" \/><\/a><a href=\"http:\/\/tecno.americaeconomia.com\/articulos\/por-que-celebramos-el-dia-de-la-tierra\" target=\"_blank\">http:\/\/tecno.americaeconomia.com\/articulos\/por-que-celebramos-el-dia-de-la-tierra<\/a><br \/>\n<span class=\"hps\">D\u00eda de la Tierra<\/span>, por<span class=\"hps\">que<\/span> <span class=\"hps\">se celebra<\/span> <span class=\"hps\">hoy<\/span>?<br \/>\n<a href=\"https:\/\/www.facebook.com\/hashtag\/giornatadellaterra\" target=\"_blank\"> <span class=\"hps\">https:\/\/www.facebook.com\/hashtag\/giornatadellaterra<\/span><\/a><br \/>\n<span class=\"hps\">D\u00eda De La Tierra<\/span><\/span><\/p>\n<p><span class=\"hps\">-No s\u00e9 \u00a0debe\u00a0<\/span><span class=\"hps\">celebrar<\/span> <span class=\"hps\">nada,<\/span>\u00a0en lugar de ello deber\u00edamos arremangarnos, <span class=\"hps\">incluso<\/span> <span class=\"hps\">si creemos <\/span><span class=\"hps alt-edited\">que podr\u00eda ser<\/span> <span class=\"hps\">demasiado tarde<\/span> <span class=\"hps\">&#8230;<\/span><br \/>\n<span class=\"hps\">El hombre<\/span> <span class=\"hps\">sigue cayendo<\/span> <span class=\"hps\">en<\/span> <span class=\"hps\">las mismas contradicciones<\/span> <span class=\"hps\">y no hace nada<\/span> <span class=\"hps\">para salir de<\/span> <span class=\"hps\">esta terrible<\/span> <span class=\"hps\">abismo<\/span><span class=\"\">,<\/span> <span class=\"hps\">con<\/span>\u00a0su\u00a0<span class=\"hps\">locura<\/span>\u00a0insiste\u00a0en\u00a0<span class=\"hps\">perseverar<\/span> <span class=\"hps alt-edited\">en el error<\/span> <span class=\"hps alt-edited\">diluyendo m\u00e1s<\/span> <span class=\"hps\">y m\u00e1s cada<\/span> <span class=\"hps\">rayo de esperanza<\/span> <span class=\"hps\">de que algo<\/span> <span class=\"hps\">positivo<\/span> <span class=\"hps\">vaya a cambiar en<\/span> <span class=\"hps\">favor del<\/span> <span class=\"hps\">planeta y<\/span> <span class=\"hps\">la humanidad<\/span> <span class=\"hps alt-edited\">que lo puebla<\/span><br \/>\n<span class=\"hps\">Abrazo a<\/span> <span class=\"hps\">todo<\/span>s<\/p>\n<p><span id=\"result_box\" class=\"\" lang=\"es\"><span class=\"hps\">-Hace Algunos a\u00f1os:<\/span><\/span><\/p>\n<p><a href=\"http:\/\/solexmalidiomauniversale.blogspot.it\/2012\/04\/dia-de-la-tierra.html\" target=\"_blank\">http:\/\/solexmalidiomauniversale.blogspot.it\/2012\/04\/dia-de-la-tierra.html<\/a><br \/>\n<span class=\"hps\">D\u00eda De La Tierra.http<\/span><\/p>\n<p><a href=\"http:\/\/solexmalidiomauniversale.blogspot.it\/2014\/06\/giornata-mondiale-dellambiente-2014.html\" target=\"_blank\">http:\/\/solexmalidiomauniversale.blogspot.it\/2014\/06\/giornata-mondiale-dellambiente-2014.html<\/a><br \/>\n<span class=\"hps\">D\u00eda<\/span> <span class=\"hps\">Mundial del Medio Ambiente<\/span> <span class=\"hps\">2014<\/span><\/p>\n<p>&nbsp;<\/p>\n<p><a href=\"https:\/\/pesolex.com\/es\/ha-expirado-el-tiempo-de-revelar-el-mensaje-de-fatima-primera-parte\/\" target=\"_blank\"><span class=\"hps atn\" style=\"font-size: 16px; line-height: 1.5;\">https:\/\/pesolex.com\/es\/ha-expirado-el-tiempo-de-revelar-el-mensaje-de-fatima-primera-parte\/<\/span><\/a><\/p>\n<p><span class=\"hps\" style=\"font-size: 16px; line-height: 1.5;\">\u00bfHa expirado el tiempo de \u00a0revelar<\/span> <span class=\"hps\" style=\"font-size: 16px; line-height: 1.5;\">el mensaje<\/span> <span class=\"hps\" style=\"font-size: 16px; line-height: 1.5;\">de F\u00e1tima<\/span><span style=\"font-size: 16px; line-height: 1.5;\">? P<\/span><span class=\"hps\" style=\"font-size: 16px; line-height: 1.5;\">rimera Parte<\/span><\/p>\n<p><a href=\"http:\/\/www.corriere.it\/ambiente\/speciali\/2014\/giornata-mondiale-terra\/notizie\/giornata-terra-un-pianeta-amare-a7da36a6-c6ea-11e3-ae19-53037290b089.shtml\" target=\"_blank\"><span class=\"hps\">http<\/span><span class=\"\">:<\/span> <span class=\"hps\">\/\/www.corriere.it<\/span> <span class=\"hps\">\/&#8230;\/<\/span> <span class=\"hps\">giornata<\/span><span class=\"atn\">-tierra-<\/span><span class=\"atn\">a-<\/span>planeta<span class=\"atn\">&#8211;<\/span><span class=\"atn\">amor-<\/span>a7 <span class=\"hps\">&#8230;<\/span><\/a><br \/>\n<span class=\"hps atn\">\u00ab<\/span>Un <span class=\"hps\">momento de reflexi\u00f3n<\/span> <span class=\"hps\">en<\/span> <span class=\"hps\">un planeta<\/span> <span class=\"hps\">abarrotado<\/span> <span class=\"hps\">por m\u00e1s de 7<\/span> <span class=\"hps\">mil millones de personas<\/span>, <span class=\"hps\">y que<\/span> <span class=\"hps\">est\u00e1 al borde<\/span> <span class=\"hps\">de<\/span> <span class=\"hps\">una crisis ambiental<\/span> <span class=\"hps\">en<\/span> <span class=\"hps\">los pr\u00f3ximos 16<\/span> <span class=\"hps\">a\u00f1os si<\/span> <span class=\"hps\">no se act\u00faa<\/span> <span class=\"hps\">de una manera significativa<\/span>\u00a0en\u00a0\u00a0<span class=\"hps\">la lucha contra<\/span> <span class=\"hps\">las emisiones de gases<\/span> <span class=\"hps\">de efecto invernadero<\/span>, como ha se\u00f1alado\u00a0<span class=\"hps\">el<\/span> <span class=\"hps\">reciente informe<\/span> <span class=\"hps\">Grupo<\/span> <span class=\"hps\">de las Naciones Unidas<\/span> <span class=\"hps\">sobre el Cambio<\/span> <span class=\"hps\">clim\u00e1tico<\/span> <span class=\"hps atn\">\u00ab<\/span><span class=\"\">.<\/span><\/p>\n<h3><b>Dios es tambi\u00e9n la Tierra.\u00a0<\/b><\/h3>\n<h5>Dios es tambi\u00e9n la Tierra, esta generosa Madre, dispensadora de leche, de miel y de vida que quer\u00e9is, a toda costa, sofocar, destruir. Perversos!!! Yo soy el hijo de Dios y mi madre la Tierra. No olvid\u00e9is Nunca!!<br \/>\nNunca!! Nunca!!<br \/>\nTengo en mis manos la potencia purificadora del fuego y os golpear\u00e1 hasta que no hay\u00e1is bajado sus orejas como ovejas mansa y obedientemente a los deseos del Divino pastor de hombres. Abatir\u00e1 vuestro orgullo y os har\u00e1 cargar sobre vuestras espaldas el arduo peso de la Suprema Justicia de lo creado y del Creador. Desconcertar\u00e1 la Babilonia de vuestros tiempos y enterrar\u00e1 en la noche de los tiempos, el arte diab\u00f3lico de vuestras perversas obras. La misericordia de Dios ser\u00e1 transmutada en Ira Santa y nadie, nadie escarpar\u00e1 a su Infalible juicio. Preparaos hombres de la Tierra, porque es cierto que un nuevo Cielo se aproxima para quien herederar\u00e1 el Reino de Dios en la Tierra. Los grandes Ay! han comenzado.<br \/>\nDel Cielo a la Tierra<br \/>\nDe la Tierra a todos los hombres<br \/>\n<b>Nicolosi, 26 de Noviembre de 1976 \u00a023,10 hs<\/b><br \/>\n<b>Eugenio Siragusa<\/b><\/h5>\n<p><span id=\"result_box\" class=\"\" lang=\"es\"><a href=\"http:\/\/solexmalidiomauniversale.blogspot.it\/2015\/01\/bulletin-of-atomic-scientistsla.html\" target=\"_blank\"><span class=\"hps\">http<\/span>: <span class=\"hps\">\/\/solexmalidiomauniversale.blogspot.it<\/span> <span class=\"hps\">\/&#8230;\/<\/span> <span class=\"hps\">bolet\u00edn<\/span><span class=\"atn\">&#8211;<\/span>de-uno <span class=\"hps\">&#8230;<\/span><\/a><br \/>\n<span class=\"hps\">Bolet\u00edn de Cient\u00edficos At\u00f3micos<\/span>. <span class=\"hps atn\">\u00ab<\/span>La probabilidad del apocalipsis <span class=\"hps\">es<\/span> <span class=\"hps\">muy alto\u00bb<\/span><\/span><\/p>\n<p><strong>WOODOK Y LOS HERMANOS DE LA CRISTAL-BELL<\/strong><br \/>\n<strong> REITERAMOS UNA VEZ M\u00c1S!<\/strong><\/p>\n<p>\u00abNuestra misi\u00f3n en vuestro planeta mira, principalmente, vigilar la involuci\u00f3n cient\u00edfica nuclear cada vez m\u00e1s amenazadora para la evoluci\u00f3n natural del geoide y, por consiguiente, para la estabilidad del sistema solar a la que la Tierra pertenece.<\/p>\n<p>Hubi\u00e9semos tambi\u00e9n querido ayudaros a resolver los angustiosos problemas que minan vuestra precaria existencia, pero notamos la fr\u00eda y hostil indiferencia que os anima. No queremos, ni podemos, imponeros vuestra colaboraci\u00f3n, el aceptar nuestros v\u00e1lidos consejos y nuestras previsiones sobre el inmediato futuro que os atiende si continu\u00e1is en este loco sendero, pero no podemos, ni debemos, permanecer pasivos e inertes ante vuestras crecientes veleidades destructivas capaces de transformar vuestro planeta en un globo pestilente, emanador de energ\u00edas mortales, disgregantes, en todo el espacio del sistema solar.<br \/>\nVosotros, terrestres, sois libres de escoger vuestro destino, pero sin comprometer o arbitrar el destino de los otros seres que quieren existir y que han realizado cuanto vosotros no hab\u00e9is querido realizar: \u00abla justicia, la paz y el amor universales\u00bb. \u00a1Ello no os ser\u00e1 permitido jam\u00e1s! Os confirmamos que, en caso de un conflicto nuclear, nuestra intervenci\u00f3n ser\u00e1 inmediata y con medios para vosotros imprevisibles. Nuestro sol\u00edcito embajador ya ha hecho algunas menciones bastante claras al respecto. Deseamos que prevalezca el buen sentido corroborado de sabidur\u00eda y de sapiente responsabilidad\u00bb.<\/p>\n<p>Woodok<br \/>\nNicolosi, \u00a015 de octubre de 1984<\/p>\n<h3><strong>WOODOK ESCLARECE:<\/strong><\/h3>\n<address>NO TENEMOS TIEMPO QUE PERDER CON VUESTRAS ABSURDAS, TONTAS Y BLASFEMAS PRETENSIONES.<\/address>\n<address>OS REPETIMOS; NO ESTAMOS SOBRE LA TIERRA PARA DAR ESPECT\u00c1CULO NI ESTAMOS DISPONIBLES PARA SATISFACER VUESTRA MORBOSA CURIOSIDAD.<\/address>\n<address>ESTAMOS SERIAMENTE Y RESPONSABLEMENTE EMPE\u00d1ADOS EN\u00a0<strong>SALVAGUARDAR UN EQUILIBRIO COSMICO<\/strong>\u00a0QUE \u00a0VUESTRA LOCURA DESTRUCTIVA PODR\u00cdA COMPROMETER.<\/address>\n<address>VUESTRAS ERRADAS ELECCIONES EXISTENCIALES NO NOS INTERESAN.<\/address>\n<address>ES VERDAD QUE NUTRIMOS APREHENSI\u00d3N Y ATENCI\u00d3N POR UN ESCASO N\u00daMERO DE TERRESRTES DESPIERTOS Y CONCIENTES, QUE SE ESFUERZAN DE LA MEJOR MANERA PARA HACER COMPRENDER NUESTRA REALIDAD Y EL REAL MOTIVO DE NUESTRA MISI\u00d3N, DE NUESTRO DISCURSO.<\/address>\n<address>ES CIERTO QUE ENTRE ESTOS VIVEN, COMO TERRESTRES, NUESTROS HERMANOS A QUIENES BRINDAMOS ASISTENCIA Y PROTECCI\u00d3N, PERO ES TAMBI\u00c9N CIERTO TAMBI\u00c9N QUE NO ESTAMOS EN ABSOLUTO INTERESADOS EN\u00a0 VUESTRAS COTIDIANAS, SALVAJES EXPERIMENTACIONES TODAS REVUELTAS CON DELIRIOS MORTALES Y DESTRUCTIVOS\u00a0 DE VUESTRA EXISTENCIA.\u00a0<strong>CLARO?<\/strong><\/address>\n<address><strong>PAZ, WOODOK SALUDA. Nicolosi 22 octubre de 1984.<br \/>\n<\/strong><\/address>\n<address>\n<p class=\"r\">Profundizaci\u00f3n<span class=\"hps\">:<\/span><\/p>\n<p><span id=\"result_box\" class=\"\" lang=\"es\"><a href=\"http:\/\/www.lanacion.com.ar\/1786872-minuto-a-minuto-alerta-maxima-por-el-volcan-calbuco\" target=\"_blank\">http:\/\/www.lanacion.com.ar\/1786872-minuto-a-minuto-alerta-maxima-por-el-volcan-calbuco<\/a><br \/>\n<span class=\"hps\">Chile<\/span>, <span class=\"hps\">despu\u00e9s de 43<\/span> <span class=\"hps\">a\u00f1os de<\/span> <span class=\"hps\">volc\u00e1n<\/span> <span class=\"hps\">violento despertar<\/span> <span class=\"hps\">Calbuco<\/span>, <span class=\"hps\">cuatro mil<\/span> <span class=\"hps\">personas<\/span> <span class=\"hps\">evacuadas<\/span><\/span><\/p>\n<p><a href=\"http:\/\/www.cnnmexico.com\/mundo\/2015\/04\/24\/excursionista-capta-de-cerca-el-despertar-del-volcan-calbuco-en-chile\" target=\"_blank\">http:\/\/www.cnnmexico.com\/mundo\/2015\/04\/24\/excursionista-capta&#8230;<\/a><br \/>\n<span class=\"hps\">Volc\u00e1n en erupci\u00f3n<\/span> <span class=\"hps\">Calbuco<\/span><span class=\"\">, el miedo<\/span> <span class=\"hps\">en<\/span> <span class=\"hps\">Chile<\/span> <span class=\"hps\">y<\/span> <span class=\"hps\">Argentina<\/span><\/p>\n<p><a href=\"http:\/\/www.informadorchile.com\/2015\/04\/meteorologo-de-eeuu-erupcion-del.html\" target=\"_blank\">http:\/\/www.informadorchile.com\/2015\/04\/meteorologo-de-eeuu-erupcion-del.html<\/a><br \/>\nMeteorologo de eeuu erupcion: La erupcion del calbuco podria provocar un invierno volcanico y cambiar la temperatura del planeta<\/p>\n<p><a href=\"https:\/\/pesolex.com\/es\/giovanna-nos-pone-en-atencion-sera-una-inminente-erupcion-volcanica-que-destruya-a-la-humanidad\/\" target=\"_blank\">https:\/\/pesolex.com\/es\/giovanna-nos-pone-en-atencion-sera-una-inminente-erupcion-volcanica-que-destruya-a-la-humanidad\/<\/a><br \/>\n<span class=\"hps atn\">\u00ab<\/span>Giovanna <span class=\"hps\">nos pone<\/span> <span class=\"hps\">atenci\u00f3n<\/span>: <span class=\"hps alt-edited\">Ser\u00e1 unainminente <\/span> <span class=\"hps\">erupci\u00f3n volc\u00e1nica<\/span> <span class=\"hps\">inminente<\/span> <span class=\"hps\">destruy\u00f3 la<\/span>\u00bb humanidad? <span class=\"hps atn\">\u00ab<\/span><\/p>\n<h5><a href=\"http:\/\/internacional.elpais.com\/internacional\/2015\/04\/25\/actualidad\/1429950325_883537.html\" target=\"_blank\">http:\/\/internacional.elpais.com\/internacional\/2015\/04\/25\/actualidad\/1429950325_883537.html<\/a><\/h5>\n<h5>Un potente sismo causa m\u00e1s de 1.300 muertos en Nepal<\/h5>\n<\/address>\n","protected":false},"excerpt":{"rendered":"<p>http:\/\/tecno.americaeconomia.com\/articulos\/por-que-celebramos-el-dia-de-la-tierra D\u00eda de la Tierra, porque se celebra hoy? https:\/\/www.facebook.com\/hashtag\/giornatadellaterra D\u00eda De La Tierra -No s\u00e9 \u00a0debe\u00a0celebrar nada,\u00a0en lugar de ello deber\u00edamos arremangarnos, incluso si creemos que podr\u00eda ser demasiado tarde &#8230; El hombre sigue cayendo en las mismas contradicciones &hellip;<\/p>\n<p class=\"read-more\"> <a class=\"more-link\" href=\"https:\/\/pesolex.com\/es\/de-la-tierra-a-los-hombres\/\"> <span class=\"screen-reader-text\">DE LA TIERRA A LOS HOMBRES<\/span> Leer m\u00e1s \u00bb<\/a><\/p>\n","protected":false},"author":4,"featured_media":0,"comment_status":"closed","ping_status":"closed","sticky":false,"template":"","format":"standard","meta":{"_monsterinsights_skip_tracking":false,"_monsterinsights_sitenote_active":false,"_monsterinsights_sitenote_note":"","_monsterinsights_sitenote_category":0,"footnotes":""},"categories":[5,4,6,42,7,28,35,40,3,39],"tags":[],"class_list":["post-1931","post","type-post","status-publish","format-standard","hentry","category-cientificos","category-ecologicos","category-epiritual","category-espiritual","category-infancia-y-adolescencia","category-internacional","category-news","category-signos","category-sociales-y-globales","category-virgen"],"_links":{"self":[{"href":"https:\/\/pesolex.com\/es\/wp-json\/wp\/v2\/posts\/1931","targetHints":{"allow":["GET"]}}],"collection":[{"href":"https:\/\/pesolex.com\/es\/wp-json\/wp\/v2\/posts"}],"about":[{"href":"https:\/\/pesolex.com\/es\/wp-json\/wp\/v2\/types\/post"}],"author":[{"embeddable":true,"href":"https:\/\/pesolex.com\/es\/wp-json\/wp\/v2\/users\/4"}],"replies":[{"embeddable":true,"href":"https:\/\/pesolex.com\/es\/wp-json\/wp\/v2\/comments?post=1931"}],"version-history":[{"count":14,"href":"https:\/\/pesolex.com\/es\/wp-json\/wp\/v2\/posts\/1931\/revisions"}],"predecessor-version":[{"id":1950,"href":"https:\/\/pesolex.com\/es\/wp-json\/wp\/v2\/posts\/1931\/revisions\/1950"}],"wp:attachment":[{"href":"https:\/\/pesolex.com\/es\/wp-json\/wp\/v2\/media?parent=1931"}],"wp:term":[{"taxonomy":"category","embeddable":true,"href":"https:\/\/pesolex.com\/es\/wp-json\/wp\/v2\/categories?post=1931"},{"taxonomy":"post_tag","embeddable":true,"href":"https:\/\/pesolex.com\/es\/wp-json\/wp\/v2\/tags?post=1931"}],"curies":[{"name":"wp","href":"https:\/\/api.w.org\/{rel}","templated":true}]}}