{"id":2698,"date":"2015-07-22T03:05:12","date_gmt":"2015-07-22T03:05:12","guid":{"rendered":"https:\/\/pesolex.com\/es\/?p=2698"},"modified":"2015-07-23T04:05:39","modified_gmt":"2015-07-23T04:05:39","slug":"millones-de-euros-en-productos-alimenticios-terminan-directamente-en-la-basura","status":"publish","type":"post","link":"https:\/\/pesolex.com\/es\/millones-de-euros-en-productos-alimenticios-terminan-directamente-en-la-basura\/","title":{"rendered":"MILLONES DE EUROS EN PRODUCTOS ALIMENTICIOS TERMINAN DIRECTAMENTE EN LA BASURA"},"content":{"rendered":"<p><img loading=\"lazy\" decoding=\"async\" class=\"aligncenter\" src=\"https:\/\/scontent-dfw1-1.xx.fbcdn.net\/hphotos-xpa1\/v\/t1.0-9\/s720x720\/10406392_434262083413185_2495739448352826819_n.jpg?oh=6391d8f4cbdfcb4e462544eef88d700e&amp;oe=565B31D2\" alt=\"\" width=\"523\" height=\"352\" \/><a href=\"https:\/\/www.facebook.com\/Retenews24\/photos\/a.156687887837274.1073741828.147065288799534\/434262083413185\/?type=1&amp;theater&amp;__mref=message_bubble\" target=\"_blank\">https:\/\/www.facebook.com\/Retenews24\/photos\/a.156687887837274.1073741828.147065288799534\/434262083413185\/?type=1&amp;theater&amp;__mref=message_bubble<\/a><br \/>\n<span id=\"result_box\" class=\"\" lang=\"es\"><span class=\"hps\">\u00abEn<\/span> <span class=\"hps\">Campania,<\/span> <span class=\"hps\">donde<\/span> <span class=\"hps\">2<\/span> <span class=\"hps\">millones y medio de<\/span> <span class=\"hps\">personas est\u00e1n luchando<\/span> <span class=\"hps\">para comprar comida<\/span><span class=\"alt-edited\">, se ven<\/span> <span class=\"hps\">escenas como<\/span> <span class=\"hps\">esta<\/span><span class=\"\">.<\/span><br \/>\n<span class=\"hps\">(Foto por<\/span> <span class=\"hps\">Ferdinando<\/span> <span class=\"hps\">Kaiser<\/span>) <span class=\"hps atn\">\u00ab<\/span><\/span><\/p>\n<p><a href=\"https:\/\/pesolex.com\/es\/wp-content\/uploads\/2015\/07\/FileAccessHandler.jpg\"><img loading=\"lazy\" decoding=\"async\" class=\" size-medium wp-image-2714 aligncenter\" src=\"https:\/\/pesolex.com\/es\/wp-content\/uploads\/2015\/07\/FileAccessHandler-300x173.jpg\" alt=\"FileAccessHandler\" width=\"300\" height=\"173\" srcset=\"https:\/\/pesolex.com\/es\/wp-content\/uploads\/2015\/07\/FileAccessHandler-300x173.jpg 300w, https:\/\/pesolex.com\/es\/wp-content\/uploads\/2015\/07\/FileAccessHandler-100x58.jpg 100w, https:\/\/pesolex.com\/es\/wp-content\/uploads\/2015\/07\/FileAccessHandler-150x87.jpg 150w, https:\/\/pesolex.com\/es\/wp-content\/uploads\/2015\/07\/FileAccessHandler-200x116.jpg 200w, https:\/\/pesolex.com\/es\/wp-content\/uploads\/2015\/07\/FileAccessHandler-450x260.jpg 450w, https:\/\/pesolex.com\/es\/wp-content\/uploads\/2015\/07\/FileAccessHandler-600x347.jpg 600w, https:\/\/pesolex.com\/es\/wp-content\/uploads\/2015\/07\/FileAccessHandler.jpg 680w\" sizes=\"auto, (max-width: 300px) 100vw, 300px\" \/><\/a><\/p>\n<p><a href=\"http:\/\/www.cronica.com.ar\/article\/details\/37522\/derraman-miles-de-litros-de-leche\" target=\"_blank\">http:\/\/www.cronica.com.ar\/article\/details\/37522\/derraman-miles-de-litros-de-leche<\/a>\u00a0Derraman miles de litros de leche. \u00a0Por un conflicto gremial, en la ciudad santafesina de Rafaela, desperdiciaron, seg\u00fan c\u00e1lculos, m\u00e1s de 30 mil litros\u00a0del alimento l\u00e1cteo. Si contin\u00faan las diferencias, podr\u00edan perderse m\u00e1s de 3 millones.<\/p>\n<p><strong><span style=\"text-decoration: underline;\"><span id=\"result_box\" class=\"\" lang=\"es\" tabindex=\"-1\"><span class=\"hps alt-edited\">Escrib\u00ed hace<\/span> <span class=\"hps\">alg\u00fan tiempo<\/span>:<\/span><\/span><\/strong><\/p>\n<p><span class=\"hps atn\">\u00ab<\/span><span class=\"\">Miles de millones de<\/span> <span class=\"hps\">euros de<\/span>\u00a0<span class=\"hps\">productos alimenticios<\/span> <span class=\"hps\">terminan<\/span> <span class=\"hps\">directamente<\/span> <span class=\"hps\">en la basura.<\/span> <span class=\"hps\">Una cantidad de<\/span> <span class=\"hps\">alimentos<\/span>\u00a0todav\u00eda en buen estado\u00a0<span class=\"hps\">que<\/span> <span class=\"hps\">podr\u00eda alimentar a<\/span> <span class=\"hps\">otra Italia<\/span><span class=\"\">.<\/span> <span class=\"hps alt-edited\">Por cada<\/span> <span class=\"hps\">manzana o<\/span> <span class=\"hps alt-edited\">calabac\u00edn<\/span> <span class=\"hps\">que consumimos<\/span><span class=\"\">,<\/span> <span class=\"hps\">pr\u00e1cticamente<\/span> <span class=\"hps alt-edited\">otra se queda<\/span> <span class=\"hps\">en el campo<\/span> pudri\u00e9ndose<span class=\"\">.<br \/>\n<\/span>NO NOS QUEDA MAS QUE DECIR: \u00abASESINOS&#8230;MALDITOS ASESINOS&#8230;!!\u00bb<\/p>\n<p><span id=\"result_box\" class=\"short_text\" lang=\"es\"><strong><span class=\"hps alt-edited\">Ofensa a la<\/span> <span class=\"hps\">Divina Providencia<\/span><\/strong><br \/>\n<span class=\"hps alt-edited\">Habla<\/span> <span class=\"hps\">Adoniesis<\/span><\/span><\/p>\n<p><span id=\"result_box\" class=\"\" lang=\"es\"><span class=\"hps alt-edited\">Hab\u00e9is muchas<\/span> <span class=\"\">veces<\/span> <span class=\"hps\">burlado<\/span> <span class=\"hps\">y<\/span> <span class=\"hps\">ofendido a<\/span> <span class=\"hps alt-edited\">la Divina Providencia<\/span> <span class=\"hps alt-edited\">.<\/span>\u00a0Hab\u00e9is<span class=\"\">,<\/span> <span class=\"hps\">c\u00ednicamente<\/span><span class=\"\">,<\/span> <span class=\"hps alt-edited\">maldecido<\/span><br \/>\n<span class=\"hps alt-edited\">la abundancia y<\/span> <span class=\"hps alt-edited\">destruido el<\/span> <span class=\"hps\">fruto de la luz<\/span> <span class=\"hps\">y de la tierra<\/span>. Hab\u00e9is<span class=\"hps alt-edited\">\u00a0tra\u00eddo<\/span> <span class=\"hps alt-edited\">sobre vosotros<\/span> <span class=\"hps\">la maldici\u00f3n<\/span> <span class=\"hps\">de quien<\/span> <span class=\"hps\">lo da todo<\/span> <span class=\"hps\">sin pedir nada<\/span><span class=\"\">. <\/span><\/span><span class=\"transpan\"><span id=\"tran0\">Os ataca ahora la tristeza por los apuros que hab\u00e9is edificado y suplic\u00e1is gracia de los cielos. \u00a1Necios y c\u00ednicos! Ser\u00e9is reprendidos duramente e inducidos a ser m\u00e1s conscientes, m\u00e1s sabios, m\u00e1s equilibrados de lo que no sois. Padecer\u00e9is el hambre y ser\u00e9is golpeados de desdichas y de tribulaciones. Os hab\u00edamos muchas veces advertiros sin tomar en cuenta nuestras fraternas consternaciones por vuestro absurdo y blasfemo obrar. Ahora est\u00e1is en la cuerda floja por vuestra elecci\u00f3n. Una vez m\u00e1s, hab\u00e9is elegido mal y los efectos de esta vuestra elecci\u00f3n ser\u00e1n duras y desastrosas. Nada deben temer los esp\u00edritus vivientes que han gritado para poner en arrepentimiento a los imp\u00edos, los tibios y los ap\u00e1ticos. A \u00e9sos decimos: tened fe y coraje.<br \/>\nP<\/span><\/span>az<br \/>\nAdoniesis<br \/>\na trav\u00e9s de Eugenio Siragusa<br \/>\nNicolosi, 29 De Junio De 1976<br \/>\n10,45 hs.<\/p>\n<p>&nbsp;<\/p>\n<p><strong>La Sociedad del Planeta Tierra<\/strong><br \/>\n\u00bfCu\u00e1l es el sentido de preocuparse por el ma\u00f1ana <span class=\"transpan\"><span id=\"tran0\">si hoy no os empe\u00f1\u00e1is a economizar cu\u00e1nto para ma\u00f1ana os sirve para sobrevivir? En Nuestra Sociedad el derroche est\u00e1 severamente prohibido, y no s\u00f3lo el derroche, sino tambi\u00e9n el in\u00fatil y da\u00f1ino consumismo y la perniciosa obsesi\u00f3n por lo superfluo. Los bienes naturales son administrados con Sabidur\u00eda y cuidados con Amor, porque sabemos que de ellos emanan los Valores indispensables para una Feliz Existencia. La libertad, exenta de licencias destructivas y de violencias en cada sentido. Adem\u00e1s de ser Evoluci\u00f3n, es toma de Conciencia del\u00a0 inmenso bien que comporta al Esp\u00edritu. Pero vosotros terrestres hab\u00e9is cubierto la libertad con los libres instintos de la bestia que todav\u00eda no logr\u00e1is dominar, educar, frenar. El ma\u00f1ana, para vosotros, siempre es un problema en aumento, y esto porque no recog\u00e9is hoy el aceite para encender ma\u00f1ana la linterna. Explot\u00e1is desordenadamente los bienes materiales, sin Conciencia y sin el necesario y Sabio equilibrio.<br \/>\n<span id=\"result_box\" class=\"\" lang=\"es\" tabindex=\"-1\"><span class=\"hps\">Paz<\/span><br \/>\n<span class=\"hps\">Hoara<\/span> <span class=\"hps\">01 de octubre 1980<\/span> <span class=\"hps\">10:45<\/span><br \/>\n<span class=\"hps\">EUGENIO<\/span>\u00a0<span class=\"hps\">SIRAGUSA<\/span><\/span><\/span><\/span><\/p>\n<p><span class=\"hps alt-edited\">-Ninguno<\/span> <span class=\"hps alt-edited\"><span class=\"st\">podr\u00e1<\/span> decir yo no<\/span> <span class=\"hps alt-edited\">sabia &#8230;<\/span> <span class=\"hps\">!!<\/span><\/p>\n<p><span class=\"hps\">El<\/span> <span class=\"hps\">Testigo,<\/span> <span class=\"hps\">El<\/span> <span class=\"hps\">Disc\u00edpulo<\/span>, <span class=\"hps\">El Mensajero<\/span>.<br \/>\n<span class=\"hps alt-edited\">El testigo de<\/span> <span class=\"hps\">este tiempo<\/span> <span class=\"hps\">apocal\u00edptico<\/span><br \/>\n<span class=\"hps alt-edited\">y del Padre<\/span> <span class=\"hps\">y Glorioso<\/span> <span class=\"hps alt-edited\">ambos<\/span> <span class=\"hps alt-edited\">sedientos de<\/span> <span class=\"hps alt-edited\">justicia.<\/span><br \/>\n<span class=\"hps\">Filippo<\/span> <span class=\"hps\">Bongiovanni<\/span><span class=\"\">.<\/span><\/p>\n<p><a href=\"http:\/\/translate.google.com\/translate?hl=es&amp;sl=auto&amp;tl=es&amp;u=http%3A%2F%2Fsolexmalidiomauniversale.blogspot.it%2Fsearch%3Fq%3DSPRECO%2BDI%2BCIBO\" target=\"_blank\">\u00a0http:\/\/solexmalidiomauniversale.blogspot.it\/search?q=SPRECO+DI+CIBO<\/a><br \/>\n<span id=\"result_box\" class=\"short_text\" lang=\"es\" tabindex=\"-1\"><span class=\"hps alt-edited\">Desperdicios de productos alimenticios<\/span><\/span><\/p>\n","protected":false},"excerpt":{"rendered":"<p>https:\/\/www.facebook.com\/Retenews24\/photos\/a.156687887837274.1073741828.147065288799534\/434262083413185\/?type=1&amp;theater&amp;__mref=message_bubble \u00abEn Campania, donde 2 millones y medio de personas est\u00e1n luchando para comprar comida, se ven escenas como esta. (Foto por Ferdinando Kaiser) \u00ab http:\/\/www.cronica.com.ar\/article\/details\/37522\/derraman-miles-de-litros-de-leche\u00a0Derraman miles de litros de leche. \u00a0Por un conflicto gremial, en la ciudad santafesina de &hellip;<\/p>\n<p class=\"read-more\"> <a class=\"more-link\" href=\"https:\/\/pesolex.com\/es\/millones-de-euros-en-productos-alimenticios-terminan-directamente-en-la-basura\/\"> <span class=\"screen-reader-text\">MILLONES DE EUROS EN PRODUCTOS ALIMENTICIOS TERMINAN DIRECTAMENTE EN LA BASURA<\/span> Leer m\u00e1s \u00bb<\/a><\/p>\n","protected":false},"author":4,"featured_media":0,"comment_status":"closed","ping_status":"closed","sticky":false,"template":"","format":"standard","meta":{"_monsterinsights_skip_tracking":false,"_monsterinsights_sitenote_active":false,"_monsterinsights_sitenote_note":"","_monsterinsights_sitenote_category":0,"footnotes":""},"categories":[1],"tags":[],"class_list":["post-2698","post","type-post","status-publish","format-standard","hentry","category-sin-categoria"],"_links":{"self":[{"href":"https:\/\/pesolex.com\/es\/wp-json\/wp\/v2\/posts\/2698","targetHints":{"allow":["GET"]}}],"collection":[{"href":"https:\/\/pesolex.com\/es\/wp-json\/wp\/v2\/posts"}],"about":[{"href":"https:\/\/pesolex.com\/es\/wp-json\/wp\/v2\/types\/post"}],"author":[{"embeddable":true,"href":"https:\/\/pesolex.com\/es\/wp-json\/wp\/v2\/users\/4"}],"replies":[{"embeddable":true,"href":"https:\/\/pesolex.com\/es\/wp-json\/wp\/v2\/comments?post=2698"}],"version-history":[{"count":17,"href":"https:\/\/pesolex.com\/es\/wp-json\/wp\/v2\/posts\/2698\/revisions"}],"predecessor-version":[{"id":2717,"href":"https:\/\/pesolex.com\/es\/wp-json\/wp\/v2\/posts\/2698\/revisions\/2717"}],"wp:attachment":[{"href":"https:\/\/pesolex.com\/es\/wp-json\/wp\/v2\/media?parent=2698"}],"wp:term":[{"taxonomy":"category","embeddable":true,"href":"https:\/\/pesolex.com\/es\/wp-json\/wp\/v2\/categories?post=2698"},{"taxonomy":"post_tag","embeddable":true,"href":"https:\/\/pesolex.com\/es\/wp-json\/wp\/v2\/tags?post=2698"}],"curies":[{"name":"wp","href":"https:\/\/api.w.org\/{rel}","templated":true}]}}