{"id":3217,"date":"2015-10-05T14:17:52","date_gmt":"2015-10-05T14:17:52","guid":{"rendered":"https:\/\/pesolex.com\/es\/?p=3217"},"modified":"2015-10-07T18:11:18","modified_gmt":"2015-10-07T18:11:18","slug":"el-fuego-el-aire-el-agua-y-la-tierra-no-os-daran-tregua-hasta-el-dia-en-que-comprendais-que-estos-son-parte-imprescindible-del-espiritu-creante-del-cosmos","status":"publish","type":"post","link":"https:\/\/pesolex.com\/es\/el-fuego-el-aire-el-agua-y-la-tierra-no-os-daran-tregua-hasta-el-dia-en-que-comprendais-que-estos-son-parte-imprescindible-del-espiritu-creante-del-cosmos\/","title":{"rendered":"El fuego, el Aire, el Agua y la Tierra no os dar\u00e1n tregua hasta el d\u00eda en que comprend\u00e1is que estos son parte imprescindible del Esp\u00edritu Creante del Cosmos"},"content":{"rendered":"<p><a href=\"https:\/\/pesolex.com\/es\/wp-content\/uploads\/2015\/10\/timthumb.png\"><img loading=\"lazy\" decoding=\"async\" class=\"aligncenter size-medium wp-image-3230\" src=\"https:\/\/pesolex.com\/es\/wp-content\/uploads\/2015\/10\/timthumb-300x300.png\" alt=\"timthumb\" width=\"300\" height=\"300\" srcset=\"https:\/\/pesolex.com\/es\/wp-content\/uploads\/2015\/10\/timthumb-300x300.png 300w, https:\/\/pesolex.com\/es\/wp-content\/uploads\/2015\/10\/timthumb-150x150.png 150w, https:\/\/pesolex.com\/es\/wp-content\/uploads\/2015\/10\/timthumb-100x100.png 100w, https:\/\/pesolex.com\/es\/wp-content\/uploads\/2015\/10\/timthumb-200x200.png 200w, https:\/\/pesolex.com\/es\/wp-content\/uploads\/2015\/10\/timthumb-450x450.png 450w, https:\/\/pesolex.com\/es\/wp-content\/uploads\/2015\/10\/timthumb-600x600.png 600w, https:\/\/pesolex.com\/es\/wp-content\/uploads\/2015\/10\/timthumb.png 644w\" sizes=\"auto, (max-width: 300px) 100vw, 300px\" \/><\/a><a href=\"http:\/\/www.meteoweb.eu\/2015\/10\/alluvione-costa-azzurra-cannes-e-nizza-in-ginocchio-17-morti-accertati-foto-e-video-del-disastro\/514615\/\" target=\"_blank\">http:\/\/www.meteoweb.eu\/2015\/10\/alluvione-costa-azzurra-cannes-e-nizza-in-ginocchio-17-morti-accertati-foto-e-video-del-disastro\/514615\/<\/a><br \/>\nAluvi\u00f3n en Costa Azul, Cannes y Nizza de rodillas: \u00a017 muertos confirmados, FOTOS y VIDEO del desastre<\/p>\n<p><a href=\"http:\/\/www.leggo.it\/NEWS\/ITALIA\/maltempo_danni_e_feriti_al_nord_treni_in_tilt_nel_centro_italia_diretta_video\/notizie\/309892.shtml\" target=\"_blank\">http:\/\/www.leggo.it\/NEWS\/ITALIA\/maltempo_danni_e_feriti_al_nord_treni_in_tilt_nel_centro_italia_diretta_video\/notizie\/309892.shtml<\/a><br \/>\nMAL TIEMPO: DA\u00d1OS Y HERIDOS AL NORTE, TRENES SE DETIENEN DE GOLPE EN EL CENTRO DE ITALIA -EN DIRECTO\/VIDEO<\/p>\n<p><a href=\"http:\/\/www.pianetablunews.it\/?p=22333\" target=\"_blank\">http:\/\/www.pianetablunews.it\/?p=22333<\/a><br \/>\n10 foto impactantes de lo que las personas est\u00e1n haciendo con el planeta<\/p>\n<p><a href=\"http:\/\/www.elpais.com.co\/elpais\/internacional\/noticias\/tragedia-invade-guatemala-ya-son-56-victimas-por-derrumbe\" target=\"_blank\">http:\/\/www.elpais.com.co\/elpais\/internacional\/noticias\/tragedia-invade-guatemala-ya-son-56-victimas-por-derrumbe<\/a><br \/>\nTragedia invade a Guatemala por derrumbe<\/p>\n<p><a href=\"http:\/\/www.meteoweb.eu\/2015\/10\/uragano-joaquin-seconda-vittima-nella-carolina-del-nord\/513564\/\" target=\"_blank\">http:\/\/www.meteoweb.eu\/2015\/10\/uragano-joaquin-seconda-vittima-nella-carolina-del-nord\/513564\/<\/a><br \/>\nHurac\u00e1n Joaquin: segunda v\u00edctima en Carolina del Norte<\/p>\n<h5><a href=\"http:\/\/press.vatican.va\/content\/salastampa\/en\/bollettino\/pubblico\/2015\/08\/10\/0609\/01316.html\" target=\"_blank\">http:\/\/press.vatican.va\/content\/salastampa\/en\/bollettino\/pubblico\/2015\/08\/10\/0609\/01316.html<\/a>\u00a0-La violenta y sanguinaria actitud del hombre de\u00a0este planeta, est\u00e1 puesta bajo un severo juicio de los \u00a0\u201cZIGOS\u201d, guardianes y tutores de lo creado\u2026<\/h5>\n<h5><strong><span style=\"text-decoration: underline;\">Una de las tantas notas de testimonio sobre cuanto ha sido dicho, escrito y transmitido: \u00a0<\/span>\u00a0<a href=\"http:\/\/solexmalidiomauniversale.blogspot.it\/2012\/06\/terremoti-malattie-del-secoloasse.html\" target=\"_blank\">http:\/\/solexmalidiomauniversale.blogspot.it\/2012\/06\/terremoti-malattie-del-secoloasse.html<\/a>\u00a0Terremotos, Enfermedades del Siglo, Eje magn\u00e9tico, Frecuencias, Vibraciones, Profec\u00edas, Enigmas revelados, Poderes fuertes. Primera Parte<\/strong><\/h5>\n<p class=\"post-title entry-title\"><span style=\"text-decoration: underline;\"><span class=\"Apple-style-span\"><b>\u00a1Atentos! \u00a1Atentos hombres de la Tierra! <\/b><\/span><\/span><\/p>\n<p class=\"post-title entry-title\"><span class=\"Apple-style-span\"><b>El fuego, el agua, el aire y la tierra, no os dar\u00e0n tregua hasta el d\u00eca que comprend\u00e0is que ellos son parte imprescindible del esp\u00ecritu creativo del cosmos.<br \/>\nLos esp\u00ecritus elementales os destruir\u00e0n si no consegu\u00ecs reponer el equilibrio all\u00ec donde lo hab\u00e9is, seria y ego\u00ecsticamente, turbado.<br \/>\nHab\u00e9is comprometido irreparablemente vuestra misi\u00f2n de tutela sobre las cosas que se os han confiado por la Suprema ley del eterno devenir.<br \/>\n\u00a1Vuestra diab\u00f2lica sed de destrucci\u00f2n os ha puesto ante un severo juicio y ante una pesada condena! Los esp\u00ecritus elementales ser\u00e0n vuestros acusadores y los ejecutores de la pena, fruto de vuestro insconsciente obrar.<br \/>\nEl fuego, el agua, el aire y la tierra, os negar\u00e0n el h\u00e0lito de la vida, y todo caer\u00e0 con la furia irrefrenable de sus tit\u00e0nicas fuerzas, movidas por la inviolable ley de la justicia divina.<br \/>\nBienaventurados aquellos que han dado h\u00e0lito a las trompetas apocal\u00ecpticas y que se han esmerado con amor y dedicaci\u00f2n para la salvaci\u00f2n de los instrumentos creativos de Dios. Estos tendr\u00e0n por amigos al fuego, al agua, al aire y a la tierra, y a todo aquello que viva en el seno de la \u201cMadre Tierra\u201d y que est\u00e9 ligado a la luz pur\u00ecsima del supremo Arquitecto de la Creaci\u00f2n.<br \/>\nLos \u201cZigos\u201d, enemigos de los imp\u00ecos, vigilantes custodios de la armon\u00eca creativa, ejecutores infalibles de la justicia universal, est\u00e0n en la Tierra para impedir al hombre que desuna cuanto Dios ha unido y que destruya cuanto Dios ama y que es garant\u00eca de gracia para la felicidad de aquellos que heredar\u00e0n su reino en la Tierra.<br \/>\nAtentos, pues, atentos, porque es verdad que las fuerzas elementales actuar\u00e0n sobre cada cosa que de ellas dependa, pues as\u00ec se les ha encomendado. Trenes, barcos, aviones, aparatos en general, y todo cuanto forma parte de la psique nacida de las fuerzas primarias de la materia, ser\u00e0n medios de destrucci\u00f2n para el hombre, convertido en genio del mal, en enemigo del Dios viviente.<br \/>\n\u00a1No tem\u00e0is vosotros que am\u00e0is a Dios, en toda su real manifestaci\u00f2n, no tem\u00e0is! Dios os ama.<\/b><\/span><\/p>\n<p><b>Del cielo a la tierra<br \/>\nLos custodios del templo de Dios.<br \/>\nS. M. la Stella, 22 de agosto de 1971 \u2013 16,30 horas.<br \/>\nEugenio Siragusa<\/b><\/p>\n","protected":false},"excerpt":{"rendered":"<p>http:\/\/www.meteoweb.eu\/2015\/10\/alluvione-costa-azzurra-cannes-e-nizza-in-ginocchio-17-morti-accertati-foto-e-video-del-disastro\/514615\/ Aluvi\u00f3n en Costa Azul, Cannes y Nizza de rodillas: \u00a017 muertos confirmados, FOTOS y VIDEO del desastre http:\/\/www.leggo.it\/NEWS\/ITALIA\/maltempo_danni_e_feriti_al_nord_treni_in_tilt_nel_centro_italia_diretta_video\/notizie\/309892.shtml MAL TIEMPO: DA\u00d1OS Y HERIDOS AL NORTE, TRENES SE DETIENEN DE GOLPE EN EL CENTRO DE ITALIA -EN DIRECTO\/VIDEO http:\/\/www.pianetablunews.it\/?p=22333 10 &hellip;<\/p>\n<p class=\"read-more\"> <a class=\"more-link\" href=\"https:\/\/pesolex.com\/es\/el-fuego-el-aire-el-agua-y-la-tierra-no-os-daran-tregua-hasta-el-dia-en-que-comprendais-que-estos-son-parte-imprescindible-del-espiritu-creante-del-cosmos\/\"> <span class=\"screen-reader-text\">El fuego, el Aire, el Agua y la Tierra no os dar\u00e1n tregua hasta el d\u00eda en que comprend\u00e1is que estos son parte imprescindible del Esp\u00edritu Creante del Cosmos<\/span> Leer m\u00e1s \u00bb<\/a><\/p>\n","protected":false},"author":4,"featured_media":0,"comment_status":"closed","ping_status":"closed","sticky":false,"template":"","format":"standard","meta":{"_monsterinsights_skip_tracking":false,"_monsterinsights_sitenote_active":false,"_monsterinsights_sitenote_note":"","_monsterinsights_sitenote_category":0,"footnotes":""},"categories":[4,28,35,40,1,3],"tags":[],"class_list":["post-3217","post","type-post","status-publish","format-standard","hentry","category-ecologicos","category-internacional","category-news","category-signos","category-sin-categoria","category-sociales-y-globales"],"_links":{"self":[{"href":"https:\/\/pesolex.com\/es\/wp-json\/wp\/v2\/posts\/3217","targetHints":{"allow":["GET"]}}],"collection":[{"href":"https:\/\/pesolex.com\/es\/wp-json\/wp\/v2\/posts"}],"about":[{"href":"https:\/\/pesolex.com\/es\/wp-json\/wp\/v2\/types\/post"}],"author":[{"embeddable":true,"href":"https:\/\/pesolex.com\/es\/wp-json\/wp\/v2\/users\/4"}],"replies":[{"embeddable":true,"href":"https:\/\/pesolex.com\/es\/wp-json\/wp\/v2\/comments?post=3217"}],"version-history":[{"count":6,"href":"https:\/\/pesolex.com\/es\/wp-json\/wp\/v2\/posts\/3217\/revisions"}],"predecessor-version":[{"id":3231,"href":"https:\/\/pesolex.com\/es\/wp-json\/wp\/v2\/posts\/3217\/revisions\/3231"}],"wp:attachment":[{"href":"https:\/\/pesolex.com\/es\/wp-json\/wp\/v2\/media?parent=3217"}],"wp:term":[{"taxonomy":"category","embeddable":true,"href":"https:\/\/pesolex.com\/es\/wp-json\/wp\/v2\/categories?post=3217"},{"taxonomy":"post_tag","embeddable":true,"href":"https:\/\/pesolex.com\/es\/wp-json\/wp\/v2\/tags?post=3217"}],"curies":[{"name":"wp","href":"https:\/\/api.w.org\/{rel}","templated":true}]}}