{"id":3932,"date":"2016-02-19T02:02:50","date_gmt":"2016-02-19T02:02:50","guid":{"rendered":"https:\/\/pesolex.com\/es\/?p=3932"},"modified":"2016-07-05T14:39:26","modified_gmt":"2016-07-05T14:39:26","slug":"el-documental-frances-sobre-ustica-en-matrix-todavia-se-sigue-callando-una-verdad-que-debio-ya-ser-noticia-en-todo-el-mundo","status":"publish","type":"post","link":"https:\/\/pesolex.com\/es\/el-documental-frances-sobre-ustica-en-matrix-todavia-se-sigue-callando-una-verdad-que-debio-ya-ser-noticia-en-todo-el-mundo\/","title":{"rendered":"El documental franc\u00e9s sobre Ustica en \u00abMatrix\u00bb&#8230;(Todav\u00eda se sigue callando una verdad, que debi\u00f3 ya ser noticia en todo el mundo&#8230;)"},"content":{"rendered":"<p><img loading=\"lazy\" decoding=\"async\" class=\"aligncenter\" src=\"https:\/\/pesolex.com\/it\/wp-content\/uploads\/2016\/02\/Captura-150x150.png\" alt=\"\" width=\"150\" height=\"150\" \/><\/p>\n<p><a href=\"http:\/\/translate.google.com\/translate?hl=es&amp;sl=auto&amp;tl=es&amp;u=http%3A%2F%2Fwww.repubblica.it%2Fspettacoli%2Ftv-radio%2F2016%2F02%2F10%2Fnews%2Fil_doc_francese_su_ustica_a_matrix_-133120639%2F%3Frefresh_ce\" target=\"_blank\">http:\/\/www.repubblica.it\/spettacoli\/tv-radio\/2016\/02\/10\/news\/il_doc_francese_su_ustica_a_matrix<\/a><\/p>\n<p>El documental franc\u00e9s sobre Ustica en \u00abMatrix\u00bb transmitido el 10 febrero de 2016 en el canal 5. Y en abril la pel\u00edcula de Martinelli.<\/p>\n<p>-Todav\u00eda se sigue callando una verdad, que debi\u00f3 ya ser noticia en todo el mundo y por mucho tiempo, y en honor y respeto por las v\u00edctimas, a quienes como siempre, nuestro m\u00e1ximo p\u00e9same y profundo respeto.<\/p>\n<p><span class=\"translation-chunk\">-Escribimos:<\/span><\/p>\n<p><a href=\"http:\/\/translate.google.com\/translate?hl=es&amp;sl=auto&amp;tl=es&amp;u=http%3A%2F%2Fsolexmalidiomauniversale.blogspot.mx%2F2012%2F06%2Fil-caso-di-ustica-e-ancora-su-ettore.html%3FshowComment%3D1455313846945%23c1910974887971738698\" target=\"_blank\">http:\/\/solexmalidiomauniversale.blogspot.mx\/2012\/06\/il-caso-di-ustica-e-ancora-su-ettore.html<\/a><\/p>\n<p>-Saben, despistan, ocultan. al final veremos.<br \/>\nHe aqu\u00ed ulteriores profundizaciones encontradas e introducidas en la red. Tomado de nuestros documentos personales en archivo y publicados a su tiempo.<\/p>\n<p>Los estudiosos e investigadores han depositado ante el juez Rosario Prior, que sigue las investigaciones sobre el caso Ustica, un dossier, fruto de las investigaciones de un uf\u00f3logo campano, que tambi\u00e9n contienen otros tipos de materiales, tomado de \u00abnonsiamosoli\u00bb, la revista de informaci\u00f3n sobre la realidad de los extraterrestres, as\u00ed como el \u00f3rgano de informaci\u00f3n del \u00abcontactado\u00bb por extraterrestres Eugenio Siragusa, dirigido por Filippo Bongiovanni, En el que se desarrolla la tesis de que el DC-9 Itavia estall\u00f3 en vuelo por un tr\u00e1gico encuentro cercano con un ovni. Al respecto, presentamos a nuestros lectores la declaraci\u00f3n, el acta del encuentro con el juez Prior.<\/p>\n","protected":false},"excerpt":{"rendered":"<p>http:\/\/www.repubblica.it\/spettacoli\/tv-radio\/2016\/02\/10\/news\/il_doc_francese_su_ustica_a_matrix El documental franc\u00e9s sobre Ustica en \u00abMatrix\u00bb transmitido el 10 febrero de 2016 en el canal 5. Y en abril la pel\u00edcula de Martinelli. -Todav\u00eda se sigue callando una verdad, que debi\u00f3 ya ser noticia en todo el mundo &hellip;<\/p>\n<p class=\"read-more\"> <a class=\"more-link\" href=\"https:\/\/pesolex.com\/es\/el-documental-frances-sobre-ustica-en-matrix-todavia-se-sigue-callando-una-verdad-que-debio-ya-ser-noticia-en-todo-el-mundo\/\"> <span class=\"screen-reader-text\">El documental franc\u00e9s sobre Ustica en \u00abMatrix\u00bb&#8230;(Todav\u00eda se sigue callando una verdad, que debi\u00f3 ya ser noticia en todo el mundo&#8230;)<\/span> Leer m\u00e1s \u00bb<\/a><\/p>\n","protected":false},"author":4,"featured_media":0,"comment_status":"closed","ping_status":"closed","sticky":false,"template":"","format":"standard","meta":{"_monsterinsights_skip_tracking":false,"_monsterinsights_sitenote_active":false,"_monsterinsights_sitenote_note":"","_monsterinsights_sitenote_category":0,"footnotes":""},"categories":[6,42,28,35,15,40,3],"tags":[],"class_list":["post-3932","post","type-post","status-publish","format-standard","hentry","category-epiritual","category-espiritual","category-internacional","category-news","category-ovni","category-signos","category-sociales-y-globales"],"_links":{"self":[{"href":"https:\/\/pesolex.com\/es\/wp-json\/wp\/v2\/posts\/3932","targetHints":{"allow":["GET"]}}],"collection":[{"href":"https:\/\/pesolex.com\/es\/wp-json\/wp\/v2\/posts"}],"about":[{"href":"https:\/\/pesolex.com\/es\/wp-json\/wp\/v2\/types\/post"}],"author":[{"embeddable":true,"href":"https:\/\/pesolex.com\/es\/wp-json\/wp\/v2\/users\/4"}],"replies":[{"embeddable":true,"href":"https:\/\/pesolex.com\/es\/wp-json\/wp\/v2\/comments?post=3932"}],"version-history":[{"count":8,"href":"https:\/\/pesolex.com\/es\/wp-json\/wp\/v2\/posts\/3932\/revisions"}],"predecessor-version":[{"id":4269,"href":"https:\/\/pesolex.com\/es\/wp-json\/wp\/v2\/posts\/3932\/revisions\/4269"}],"wp:attachment":[{"href":"https:\/\/pesolex.com\/es\/wp-json\/wp\/v2\/media?parent=3932"}],"wp:term":[{"taxonomy":"category","embeddable":true,"href":"https:\/\/pesolex.com\/es\/wp-json\/wp\/v2\/categories?post=3932"},{"taxonomy":"post_tag","embeddable":true,"href":"https:\/\/pesolex.com\/es\/wp-json\/wp\/v2\/tags?post=3932"}],"curies":[{"name":"wp","href":"https:\/\/api.w.org\/{rel}","templated":true}]}}