{"id":5007,"date":"2017-08-27T11:16:42","date_gmt":"2017-08-27T11:16:42","guid":{"rendered":"https:\/\/pesolex.com\/es\/?p=5007"},"modified":"2017-08-27T16:32:24","modified_gmt":"2017-08-27T16:32:24","slug":"recordandote-eugenio-nuestro-pensamiento-corre-a-ti-en-este-dia","status":"publish","type":"post","link":"https:\/\/pesolex.com\/es\/recordandote-eugenio-nuestro-pensamiento-corre-a-ti-en-este-dia\/","title":{"rendered":"Recordandote Eugenio\u2026 Nuestro pensamiento corre a ti, en este d\u00eda"},"content":{"rendered":"<p><img loading=\"lazy\" decoding=\"async\" class=\"aligncenter \" src=\"https:\/\/scontent-dft4-1.xx.fbcdn.net\/v\/t1.0-9\/21106888_1743598212372001_3867636757003587660_n.jpg?oh=be4c66a161ba47c8ec922044fdae0a8b&amp;oe=5A255CBC\" width=\"579\" height=\"431\" \/><\/p>\n<p><strong>-Record\u00e1ndote\u00a0Eugenio.<\/strong><\/p>\n<p><strong><em> Nuestro pensamiento corre a ti, en este d\u00eda, que humanamente dejaste las v\u00edas de este mundo, para alcanzar tu rosal solar, preparado para ti, por la inteligencia c\u00f3smica. Gracias, Padre espiritual de nuestros esp\u00edritus, Eugenio, por haber permanecido aqu\u00ed todav\u00eda, en este mundo, y por habernos despertado durante el sue\u00f1o de la muerte, y conducirnos con tus revelaciones c\u00f3smicas a Cristo-Jes\u00fas\u00a0para presentarnos dignos delante de Dios.<\/em><\/strong><br \/>\n<strong><em> Filippo y todas las familias unidas a ti con dilecci\u00f3n espiritual.<\/em><\/strong><\/p>\n<p><img loading=\"lazy\" decoding=\"async\" class=\"\" src=\"https:\/\/scontent-dft4-1.xx.fbcdn.net\/v\/t1.0-9\/21034666_1743598472371975_2771823063164005383_n.jpg?oh=5b194f8a2bca48253f9cc571b7b50753&amp;oe=5A5E5DD9\" width=\"298\" height=\"238\" \/><img loading=\"lazy\" decoding=\"async\" class=\"\" src=\"https:\/\/scontent-dft4-1.xx.fbcdn.net\/v\/t1.0-9\/21106536_1743598832371939_2134859522348668699_n.jpg?oh=e6c539983b40f7482d17e9d37440c5e5&amp;oe=5A1926BC\" width=\"263\" height=\"163\" \/><\/p>\n<p><strong>Desde el cielo a la tierra<\/strong><br \/>\n<strong>sondeo p.e.s. solex.<\/strong><\/p>\n<p>T\u00fa, hermano, hijo de la misma fuerza creativa, expresi\u00f3n viva y operante del yo supremo de toda el alma c\u00f3smica, todav\u00eda desconocedor de tu verdadero origen. T\u00fa, hombre, que escudri\u00f1as y que sientes aflorar en el esp\u00edritu una nueva conciencia y un mejor sentir dentro de ti, escucha, escucha.<\/p>\n<p>Ahora tu alma siente y ve m\u00e1s all\u00e1 de los confines del tu limitado espacio y de tu limitada Facultad; ve, siente e imprime en ti, hombre, una m\u00e1s clara conciencia de lo que realmente eres, de aqu\u00e9l, que en verdad, siempre has sido y siempre ser\u00e1s: \u00abdescendiente de una estirpe de celestes colonizadores del cosmos.\u00bb El velo del misterio lentamente se dilata, se desata ante las nuevas facultades que la gran alma humana conquista a precio de duros sacrificios.<\/p>\n<p>Tu conciencia, hombre, se despierta en la eterna verdad, en aquella verdad que te ha siempre dominado, que te ha empujado a volver \u00a0a creer en lo divino, que te ha inconscientemente encaminado hacia el sendero de la Ascensi\u00f3n, hacia el amor de todas las criaturas de Dios. T\u00fa, hombre, comienza realmente a sentir que no has estado nunca solo y que otros hijos de Dios y hermanos tuyos viven, aman y trabajan en la gran patria universal, en el celeste reino c\u00f3smico. Se despierta en ti el pesar de haber hecho otra experiencia del libre arbitrio, de haber continuado en el error, de haber desobedecido, de haber edificado lo opuesto del bien, de haber permanecido durante largo tiempo voluntario prisionero del abismo del mal.<br \/>\nAhora escucha, hombre!<br \/>\nUna vez m\u00e1s, el cielo ha mandado sobre la tierra la luz de la salvaci\u00f3n, de tu salvaci\u00f3n. Trata de comprender la potencia de esta luz, de entenderla con el amor de tu fe, de poner tu alma, desnuda de complejos y exenta de orgullo y de ego\u00edsmo, delante de la verdad que se revela a tu inteligencia. Abre tu coraz\u00f3n y haz qu\u00e9 ello se ilumine de verdad, de amor y de fraterna paz.<br \/>\nResurge de tu at\u00e1vico letargo, mira all\u00e1, m\u00e1s all\u00e1 de los confines de este tu mundo, escudri\u00f1a con el esp\u00edritu, escucha con el alma y sentir\u00e1s que una infinidad de corazones laten por ti, ruegan por tu salvaci\u00f3n, esperando tu retorno\u00a0a las leyes del padre creativo.<br \/>\nDeja que este gran amor entre en ti, hombre, y ser\u00e1s salvo, libre para siempre en una felicidad que no conoce l\u00e1grimas de dolor. El universo es nuestro, tuyo, de todo lo que vive, ama en aquel que es el Padre creador, eterna llama que arde suavemente en nosotros, en cada cosa, que se alegra de vivir en cada forma obediente a sus leyes de justicia y de amor. Bienaventurados aquellos que por esta luz de salvaci\u00f3n sacar\u00e1n la luz del conocimiento y por ella ser\u00e1n salvados.<br \/>\n\u00a1El tiempo de todos los tiempos se aproxima!<br \/>\nPaz y amor en todos los corazones.<br \/>\n<strong>Del cielo a la tierra<\/strong><br \/>\n<strong>EUGENIO SIRAGUSA<\/strong><br \/>\n<strong>Catania, el 05 de marzo de 1965<\/strong><\/p>\n","protected":false},"excerpt":{"rendered":"<p>-Record\u00e1ndote\u00a0Eugenio. Nuestro pensamiento corre a ti, en este d\u00eda, que humanamente dejaste las v\u00edas de este mundo, para alcanzar tu rosal solar, preparado para ti, por la inteligencia c\u00f3smica. Gracias, Padre espiritual de nuestros esp\u00edritus, Eugenio, por haber permanecido aqu\u00ed &hellip;<\/p>\n<p class=\"read-more\"> <a class=\"more-link\" href=\"https:\/\/pesolex.com\/es\/recordandote-eugenio-nuestro-pensamiento-corre-a-ti-en-este-dia\/\"> <span class=\"screen-reader-text\">Recordandote Eugenio\u2026 Nuestro pensamiento corre a ti, en este d\u00eda<\/span> Leer m\u00e1s \u00bb<\/a><\/p>\n","protected":false},"author":4,"featured_media":0,"comment_status":"closed","ping_status":"closed","sticky":false,"template":"","format":"standard","meta":{"_monsterinsights_skip_tracking":false,"_monsterinsights_sitenote_active":false,"_monsterinsights_sitenote_note":"","_monsterinsights_sitenote_category":0,"footnotes":""},"categories":[6,42,28,40,3],"tags":[],"class_list":["post-5007","post","type-post","status-publish","format-standard","hentry","category-epiritual","category-espiritual","category-internacional","category-signos","category-sociales-y-globales"],"_links":{"self":[{"href":"https:\/\/pesolex.com\/es\/wp-json\/wp\/v2\/posts\/5007","targetHints":{"allow":["GET"]}}],"collection":[{"href":"https:\/\/pesolex.com\/es\/wp-json\/wp\/v2\/posts"}],"about":[{"href":"https:\/\/pesolex.com\/es\/wp-json\/wp\/v2\/types\/post"}],"author":[{"embeddable":true,"href":"https:\/\/pesolex.com\/es\/wp-json\/wp\/v2\/users\/4"}],"replies":[{"embeddable":true,"href":"https:\/\/pesolex.com\/es\/wp-json\/wp\/v2\/comments?post=5007"}],"version-history":[{"count":8,"href":"https:\/\/pesolex.com\/es\/wp-json\/wp\/v2\/posts\/5007\/revisions"}],"predecessor-version":[{"id":5016,"href":"https:\/\/pesolex.com\/es\/wp-json\/wp\/v2\/posts\/5007\/revisions\/5016"}],"wp:attachment":[{"href":"https:\/\/pesolex.com\/es\/wp-json\/wp\/v2\/media?parent=5007"}],"wp:term":[{"taxonomy":"category","embeddable":true,"href":"https:\/\/pesolex.com\/es\/wp-json\/wp\/v2\/categories?post=5007"},{"taxonomy":"post_tag","embeddable":true,"href":"https:\/\/pesolex.com\/es\/wp-json\/wp\/v2\/tags?post=5007"}],"curies":[{"name":"wp","href":"https:\/\/api.w.org\/{rel}","templated":true}]}}