{"id":5057,"date":"2017-03-13T00:37:20","date_gmt":"2017-03-13T00:37:20","guid":{"rendered":"https:\/\/pesolex.com\/es\/?p=5057"},"modified":"2017-10-09T00:38:32","modified_gmt":"2017-10-09T00:38:32","slug":"alemania-tempestad-baltica-azota-la-ciudad-de-lubeck-y-flensburg","status":"publish","type":"post","link":"https:\/\/pesolex.com\/es\/alemania-tempestad-baltica-azota-la-ciudad-de-lubeck-y-flensburg\/","title":{"rendered":"ALEMANIA -TEMPESTAD B\u00c1LTICA AZOTA LA CIUDAD DE L\u00dcBECK Y FLENSBURG"},"content":{"rendered":"<p><em><strong>-Un querido amigo, estudioso de la obra de Eugenio me ha enviado esta noticia&#8230;con la fecha de hace un par de meses:<\/strong><\/em><\/p>\n<p><a href=\"http:\/\/translate.google.com\/translate?hl=es&amp;sl=auto&amp;tl=es&amp;u=http%3A%2F%2Fterrarealtime.blogspot.mx%2F2017%2F01%2Fgermania-tempesta-baltica-sferza-le.html%3Futm_source%3Dfeedburner%26utm_medium%3Demail%26utm_campaign%3DFeed%3A%2BTerraRealTime%2B(TERRA%2BREAL%2BTIME)\" target=\"_blank\" rel=\"noopener noreferrer\">http:\/\/terrarealtime.blogspot.mx\/2017\/01\/germania-tempesta-baltica-sferza-le.html<br \/>\n<\/a>Alemania -tormenta b\u00e1ltica azota la ciudad de L\u00fcbeck y Flensburg<\/p>\n<p><em>Siendo que vive en Alemania, le pareci\u00f3 extra\u00f1o como los \u00abelementos\u00bb de la naturaleza golpearan al hombre y las cosas. con una \u00abfuerza\u00bb por decir como \u00abinteligente.\u00bb Por mi parte, le record\u00e9 lo que fue reportado en las portadas del \u00abbolet\u00edn\u00bb del CENTRO\u00a0DE ESTUDIOS\u00a0PARA LA FRATERNIDAD C\u00d3SMICA, publicado por Eugenio Siragusa, en todo el mundo.<\/em><br \/>\n<em>\u00a1Mirad lo que se inform\u00f3, tomado de la Catedral de L\u00fcbeck, una extra\u00f1a coincidencia!:<\/em><\/p>\n<p><strong>Me llam\u00e1is el Redentor<\/strong><br \/>\n<strong> y no os dej\u00e1is redimir\u2026<\/strong><\/p>\n<p><strong>Me llam\u00e1is Luz<\/strong><br \/>\n<strong> y no me veis\u2026<\/strong><\/p>\n<p><strong>Me llam\u00e1is el camino<\/strong><br \/>\n<strong> y no me segu\u00eds\u2026<\/strong><\/p>\n<p><strong>Me llam\u00e1is Maestro<\/strong><br \/>\n<strong> y no permit\u00eds que os ense\u00f1e\u2026<\/strong><\/p>\n<p><strong>Me llam\u00e1is Sabidur\u00eda<\/strong><br \/>\n<strong> y no quer\u00e9is aprender\u2026<\/strong><\/p>\n<p><strong>Me llam\u00e1is Se\u00f1or<\/strong><br \/>\n<strong> y no quer\u00e9is servirme\u2026<\/strong><\/p>\n<p><strong>Sab\u00e9is que os quiero<\/strong><br \/>\n<strong> y me despreci\u00e1is\u2026<\/strong><\/p>\n<p><strong>Me llam\u00e1is omnipotente<\/strong><br \/>\n<strong> y no confi\u00e1is en mi<\/strong><\/p>\n<p><strong>Si un d\u00eda\u2026 no os reconozco<\/strong><br \/>\n<strong> no os extra\u00f1\u00e9is.<\/strong><\/p>\n<p><img loading=\"lazy\" decoding=\"async\" class=\"aligncenter size-full\" src=\"https:\/\/pesolex.com\/it\/wp-content\/uploads\/2017\/03\/17192406_1549412608457230_1959478305816381102_o.jpg\" width=\"480\" height=\"905\" \/><\/p>\n","protected":false},"excerpt":{"rendered":"<p>-Un querido amigo, estudioso de la obra de Eugenio me ha enviado esta noticia&#8230;con la fecha de hace un par de meses: http:\/\/terrarealtime.blogspot.mx\/2017\/01\/germania-tempesta-baltica-sferza-le.html Alemania -tormenta b\u00e1ltica azota la ciudad de L\u00fcbeck y Flensburg Siendo que vive en Alemania, le pareci\u00f3 &hellip;<\/p>\n<p class=\"read-more\"> <a class=\"more-link\" href=\"https:\/\/pesolex.com\/es\/alemania-tempestad-baltica-azota-la-ciudad-de-lubeck-y-flensburg\/\"> <span class=\"screen-reader-text\">ALEMANIA -TEMPESTAD B\u00c1LTICA AZOTA LA CIUDAD DE L\u00dcBECK Y FLENSBURG<\/span> Leer m\u00e1s \u00bb<\/a><\/p>\n","protected":false},"author":4,"featured_media":0,"comment_status":"closed","ping_status":"closed","sticky":false,"template":"","format":"standard","meta":{"_monsterinsights_skip_tracking":false,"_monsterinsights_sitenote_active":false,"_monsterinsights_sitenote_note":"","_monsterinsights_sitenote_category":0,"footnotes":""},"categories":[6,42,28,35,40,3],"tags":[],"class_list":["post-5057","post","type-post","status-publish","format-standard","hentry","category-epiritual","category-espiritual","category-internacional","category-news","category-signos","category-sociales-y-globales"],"_links":{"self":[{"href":"https:\/\/pesolex.com\/es\/wp-json\/wp\/v2\/posts\/5057","targetHints":{"allow":["GET"]}}],"collection":[{"href":"https:\/\/pesolex.com\/es\/wp-json\/wp\/v2\/posts"}],"about":[{"href":"https:\/\/pesolex.com\/es\/wp-json\/wp\/v2\/types\/post"}],"author":[{"embeddable":true,"href":"https:\/\/pesolex.com\/es\/wp-json\/wp\/v2\/users\/4"}],"replies":[{"embeddable":true,"href":"https:\/\/pesolex.com\/es\/wp-json\/wp\/v2\/comments?post=5057"}],"version-history":[{"count":5,"href":"https:\/\/pesolex.com\/es\/wp-json\/wp\/v2\/posts\/5057\/revisions"}],"predecessor-version":[{"id":5062,"href":"https:\/\/pesolex.com\/es\/wp-json\/wp\/v2\/posts\/5057\/revisions\/5062"}],"wp:attachment":[{"href":"https:\/\/pesolex.com\/es\/wp-json\/wp\/v2\/media?parent=5057"}],"wp:term":[{"taxonomy":"category","embeddable":true,"href":"https:\/\/pesolex.com\/es\/wp-json\/wp\/v2\/categories?post=5057"},{"taxonomy":"post_tag","embeddable":true,"href":"https:\/\/pesolex.com\/es\/wp-json\/wp\/v2\/tags?post=5057"}],"curies":[{"name":"wp","href":"https:\/\/api.w.org\/{rel}","templated":true}]}}