{"id":7527,"date":"2021-12-10T16:53:00","date_gmt":"2021-12-10T16:53:00","guid":{"rendered":"https:\/\/pesolex.com\/es\/?p=7527"},"modified":"2021-12-13T17:55:21","modified_gmt":"2021-12-13T17:55:21","slug":"recordando-y-celebrando","status":"publish","type":"post","link":"https:\/\/pesolex.com\/es\/recordando-y-celebrando\/","title":{"rendered":"&#8230; Recordando &#8230; y celebrando &#8230;"},"content":{"rendered":"\n<p>Por Filippo Bongiovanni- TRADUCCION AL ESPA\u00d1OL &#8211;<\/p>\n\n\n\n<p>-La festividad que acaba de transcurrir de la Inmaculada Concepci\u00f3n me retrotrae en el tiempo y resurgen en mi recuerdos de c\u00f3mo Eugenio am\u00f3, record\u00f3 y enfatiz\u00f3 la presencia de Ella que es la Reina del Cielo, y de Su fundamental presencia en la humanidad.<\/p>\n\n\n\n<p><strong>A la Celestial Madre Mar\u00eda<\/strong><\/p>\n\n\n\n<p><strong>En el silencio de mi coraz\u00f3n<\/strong><\/p>\n\n\n\n<p>En el silencio de Mi Coraz\u00f3n hay Adoraci\u00f3n por Ti, Madre del Celeste Amor.<\/p>\n\n\n\n<p>Hay un canto infinito de ternura filial.<\/p>\n\n\n\n<p>Est\u00e1 el Fuego del Amor de Dios.<\/p>\n\n\n\n<p>A Ti, Madre de Misericordia.<\/p>\n\n\n\n<p>A Ti, Madre del Amor, el mayor de todos los amores.<\/p>\n\n\n\n<p>A Ti, Luz de la Divina Misericordia.<\/p>\n\n\n\n<p>A ti, Inmaculada Belleza de Aquel que te coron\u00f3 Reina y Madre de la Humanidad.<\/p>\n\n\n\n<p>A ti mi Esp\u00edritu se postra en devoci\u00f3n y en oraci\u00f3n.<\/p>\n\n\n\n<p>Ap\u00f3yame, Dulc\u00edsima Madre, ap\u00f3yame con tu Amor Celestial y Misericordioso.<\/p>\n\n\n\n<p>Mi cruz es pesada, pero Tu Amorosa Presencia hace que el peso sea nulo y sin valor.<\/p>\n\n\n\n<p>Tu Gracia me sea concedida por el amor de tu Hijo a quien am\u00e9 y serv\u00ed, a quien amo y sirvo para la Excelsa Gloria del Padre.<\/p>\n\n\n\n<p>Tu hijo, en el tiempo.<\/p>\n\n\n\n<p>Eugenio<\/p>\n\n\n\n<p>Nicolosi, 11 de septiembre de 1977, 10.00 horas<\/p>\n\n\n\n<p>-Todav\u00eda:<\/p>\n\n\n\n<p><strong>A LA SANT\u00cdSIMA VIRGEN MAR\u00cdA, MADRE DE LA DIVINA MISERICORDIA<\/strong><\/p>\n\n\n\n<p><strong>BEATA MADRE MIA, SANTISIMA MARIA.<\/strong><\/p>\n\n\n\n<p>HOY EST\u00c1S EN MIS PENSAMIENTOS Y EN CADA LATIDO DE MI CORAZ\u00d3N,<\/p>\n\n\n\n<p>PALOMA DE PAZ Y DE AMOR.<\/p>\n\n\n\n<p>L\u00c1GRIMAS DE ALEGR\u00cdA Y DE ADORACI\u00d3N EMANAN DE MIS OJOS POR TI, DIVINA SIERVA DEL DIOS TODOPODEROSO.<\/p>\n\n\n\n<p>EL IMPETUOSO AMOR TUYO, AMADA LUZ DE PIEDAD MATERNA, ME CONSUELA Y ME CONCEDE VALOR Y PACIENCIA EN SERVIRTE Y EN ESTAR SIEMPRE DISPUESTO Y SOL\u00cdCITO, PARA QUE EL AMOR PREVALEZCA SOBRE EL ODIO Y LA PAZ SOBRE LA GUERRA. \u00a1S\u00c9 QUE ME AMAS, Y ME ACOMPA\u00d1AS, \u00a1MADRE!<\/p>\n\n\n\n<p>\u00a1LO S\u00c9&#8230;! \u00a1LO SIENTO!!<\/p>\n\n\n\n<p>\u00a1TENGO LA CERTEZA, LA ABSOLUTA CERTEZA!!<\/p>\n\n\n\n<p>\u00a1HOY ESTAMOS CONTIGO Y T\u00da, MADRE INMACULADA, \u00a1CON NOSOTROS!<\/p>\n\n\n\n<p>\u00a1EN UNA SOLA COSA CON EL PADRE QUE EST\u00c1 EN EL CIELO!<\/p>\n\n\n\n<p>TU HIJO EN EL ESP\u00cdRITU, AYER \u00abG\u00bb&#8230; HOY \u00abE\u00bb&#8230;<\/p>\n\n\n\n<p>El Amigo del Hombre<\/p>\n\n\n\n<p>Eugenio Siragusa<\/p>\n\n\n\n<p>GUERRA Y RUIDO DE GUERRA, HAMBRE Y PESTILENCIA &#8230; y etc. &#8230;<\/p>\n\n\n\n<p>En todos los rincones de la tierra, los efectos criminales y los instintos m\u00e1s bajos son el denominador com\u00fan de esta sociedad enferma, en algunos aspectos cada vez m\u00e1s inclinada, desde las ra\u00edces de la familia, a crear brechas entre la riqueza m\u00e1s desenfrenada y la pobreza extrema.<\/p>\n\n\n\n<p><strong>HOARA EXPLICA: PRIMERA PARTE.<\/strong><\/p>\n\n\n\n<p>EL TEJIDO ATMOSF\u00c9RICO DE VUESTRO PLANETA EST\u00c1 SATURADO CON VIBRACIONES DESESTABILIZANTES.<\/p>\n\n\n\n<p>LA IMPUREZA DE LOS PRINCIPALES ELEMENTOS QUE INSTRUYEN LA ARMON\u00cdA ESTRUCTURAL DE TODO LO QUE VIVE EN LA SUPERFICIE DE LA TIERRA, PROVOCA GRAVES DESCOMPENSACIONES EN EL PROCESO EVOLUTIVO DE LA ESPECIE.<\/p>\n\n\n\n<p>EL DESENVOLVIMIENTO AN\u00d3MALO DE LOS VALORES B\u00c1SICOS DE LA VIDA, IMPLICA DESEQUILIBRIOS PERNICIOSOS Y FRECUENCIAS MUY PERJUDICIALES AL ORDEN GEN\u00c9TICO DE LO QUE DEBER\u00cdA ESTAR DESTINADO A SERVIR A LA EVOLUCI\u00d3N C\u00d3SMICA.<\/p>\n\n\n\n<p>COMO SE HA MENCIONADO, EXISTE UNA RELACI\u00d3N INDISOLUBLE ENTRE LOS ELEMENTOS Y EL DESARROLLO BIO-F\u00cdSICO, POR LA QUE NO ES POSIBLE UNA ARMONIZACI\u00d3N EVOLUTIVA BIO-F\u00cdSICA SIN EL EQUILIBRIO PERFECTO DE LOS ELEMENTOS QUE CONSTITUYEN LA NORMA PRIMARIA Y FUNDAMENTAL.<\/p>\n\n\n\n<p>LIBERAR LA EXISTENCIA DE LOS VALORES PRIMARIOS ES MATAR LA EXISTENCIA, LA SUPERVIVENCIA.<\/p>\n\n\n\n<p>LAS ANOMAL\u00cdAS DE LOS VALORES PRIMARIOS CREAN INCOMPATIBILIDAD, DESESTABILIZACI\u00d3N Y, POR TANTO, RECHAZO DE LA VIDA.<\/p>\n\n\n\n<p>SI VUESTRA CIENCIA ES CONSCIENTE DE ELLO Y NO SE ESFUERZA PARA EVITAR QUE SE ALCANCE EL PUNTO HIPERCA\u00d3TICO, LA HUMANIDAD DE VUESTRO PLANETA EST\u00c1 DESTINADA A UN GRAVE, IRREPARABLE COLAPSO.<\/p>\n\n\n\n<p>HOARA SALUDA<\/p>\n\n\n\n<p>Nicolosi, 23 de marzo de 1981<\/p>\n\n\n\n<p>9:15 AM<\/p>\n\n\n\n<p><strong>HOARA EXPLICA: SEGUNDA PARTE<\/strong><\/p>\n\n\n\n<p>EL UNIVERSO BACTERIANO, TAMBI\u00c9N VINCULADO A LA ESTABILIDAD Y ARMONIOSA OPERABILIDAD DE LOS ELEMENTOS QUE ESTRUCTURAN EL PROCESO EVOLUTIVO DE LAS ESPECIES (MINERAL, VEGETAL, ANIMAL), SUFRE IMPORTANTES ALTERACIONES NEGATIVAS, MODIFICANDO SUSTANCIALMENTE DINAMISMOS Y PROPONIENDO COMPORTAMIENTOS ANORMALES.<\/p>\n\n\n\n<p>LAS CONTAMINACIONES DE LOS ELEMENTOS PRIMARIOS (AIRE, AGUA, TIERRA), SUSCITAN EN EL UNIVERSO BACTERIANO, ACTIVIDADES DIST\u00d3NICAS, DESFAVORABLES PARA UNA ACTIVIDAD NORMAL EVOLUTIVA.<\/p>\n\n\n\n<p>EL UNIVERSO BACTERIANO ES UN COMPONENTE QUE DEBE TENERSE EN CUENTA SI SE QUIERE EVITAR LA AGRESIVIDAD QUE ESTOS PUEDEN EJERCER CUANDO SUS DINAMISMOS SE VUELVEN ANORMALES, CON EJERCICIO DELET\u00c9REO, CON HIPERTR\u00d3FICA DIN\u00c1MICA VIOLENTA Y DESTRUCTIVA.<\/p>\n\n\n\n<p>EL UNIVERSO BACTERIANO INFLUENCIA CONSIDERABLEMENTE.<\/p>\n\n\n\n<p>DE ESTA INFLUENCIA, A MENUDO, VOSOTROS SOIS V\u00cdCTIMAS DIRECTAMENTE O POR SIMBIOSIS.<\/p>\n\n\n\n<p>HOARA SALUDA<\/p>\n\n\n\n<p>Nicolosi, 23 de marzo de 1981 Horas 11:45<\/p>\n\n\n\n<p>&#8211; Noticias:<\/p>\n\n\n\n<p><a href=\"https:\/\/www-affarinternazionali-it.translate.goog\/2021\/12\/biden-vertice-democrazia\/?fbclid=IwAR1xKS9EujJyUfDFKsRCdzACZnOzrjnnLYbHhEld6NEbkDf3kvvQFW3PD1M&amp;_x_tr_sl=auto&amp;_x_tr_tl=es&amp;_x_tr_hl=es-419\" target=\"_blank\" rel=\"noreferrer noopener\">https:\/\/www-affarinternazionali-it.translate.goog\/2021\/12\/biden-vertice-democrazia\/?fbclid=IwAR1xKS9EujJyUfDFKsRCdzACZnOzrjnnLYbHhEld6NEbkDf3kvvQFW3PD1M&amp;_x_tr_sl=auto&amp;_x_tr_tl=es&amp;_x_tr_hl=es-419<\/a><\/p>\n\n\n\n<p>Biden a la prueba de la primera Cumbre de las democracias.<\/p>\n\n\n\n<p>&#8211; As\u00ed de las profec\u00edas de Rasput\u00edn:<\/p>\n\n\n\n<p>\u00abCuando se hable mucho del hombre, ser\u00e1 cuando se descuide el hombre. Y cuando se hable tanto de bienestar ser\u00e1 el tiempo en que un malestar sutil serpentear\u00e1 entre las gentes. Monta\u00f1as de palabras se gastar\u00e1n en nada y trampas de palabras acechar\u00e1n los caminos del sentido com\u00fan. Muchos hombres ser\u00e1n destruidos por las plagas, muchos ser\u00e1n destruidos por las armas y much\u00edsimos ser\u00e1n destruidos por las \u00e1ridas palabras. Porque cuando los tiempos est\u00e9n maduros, el hombre ser\u00e1 rico en lengua pero pobre de coraz\u00f3n.\u00bb<\/p>\n\n\n\n<p>&#8211; Eugenio por Voluntad Celestial:<\/p>\n\n\n\n<p><strong>ESCRIB\u00cd EL 25 DE MAYO DE 1982:<\/strong><\/p>\n\n\n\n<p><strong>EN NOMBRE DE LA DEMOCRACIA<\/strong><\/p>\n\n\n\n<p>EN NOMBRE DE LA DEMOCRACIA SE PREVARICAN LAS LEYES, SE COMETEN ABUSOS, SE REALIZAN ACTOS MUCHO PEORES QUE LOS PEORES TOTALITARISMOS.<\/p>\n\n\n\n<p>LA LIBERTAD QUE ALIMENTA LA DEMOCRACIA NO EST\u00c1 CONTROLADA, SABIA, CONTENIDA EN LOS L\u00cdMITES DE LA TOLERABILIDAD MORAL Y CIVIL; ES LICENCIA, UNA FORMA DE ANARQU\u00cdA ENGA\u00d1OSA, ENMASCARADA, DONDE TODO SE HACE POSIBLE, PR\u00c1CTICAMENTE POSIBLE: DEGENERAR, MATAR, MATARSE, ROBAR, DROGARSE, DROGAR, VIOLAR EN TODOS LOS SENTIDOS CON METODOLOG\u00cdAS SUTILES CON BANDAS ORGANIZADAS. LOS MALHECHORES PULULAN, GRACIAS A LA TOLERABILIDAD DE QUIENES DE ELLOS SE SIRVEN PARA EJERCER EL PODER, PARA ASUMIR EL DOMINIO DE LAS COSAS P\u00daBLICAS Y MANEJARLAS PARA FINES DISTINTOS, MUY DISTINTOS DE LO QUE JUSTAMENTE DEBER\u00cdAN SER MANEJADAS.<\/p>\n\n\n\n<p>LOS ESTADOS TOTALITARIOS NO SON MEJORES.<\/p>\n\n\n\n<p>\u00bfLO ES ESTE TIPO DE DEMOCRACIA?<\/p>\n\n\n\n<p>MUCHOS SE LO PREGUNTAN, PERO NADIE TIENE EL CORAJE DE DECIRLO: \u00bfPOR QU\u00c9?<\/p>\n\n\n\n<p>\u00bfMIEDO A LA LEY DEMOCR\u00c1TICA? \u00a1POSIBLE! \u00bfY ENTONCES?&#8230;<\/p>\n\n\n\n<p>EUGENIO SIRAGUSA<\/p>\n\n\n\n<p><em>El testigo. El Disc\u00edpulo. El mensajero<\/em><\/p>\n\n\n\n<p><em>El testigo de este tiempo apocal\u00edptico<\/em><\/p>\n\n\n\n<p><em>y el Padre Glorioso, ambos sedientos de Justicia<\/em><\/p>\n\n\n\n<p><em>Filippo Bongiovanni<\/em><\/p>\n\n\n\n<p><strong><u>Profundizaci\u00f3n:<\/u><\/strong><\/p>\n\n\n\n<p><a href=\"https:\/\/www-open-online.translate.goog\/2021\/12\/06\/usa-foto-famiglia-mitra-deputato-repubblicano\/?_x_tr_sl=auto&amp;_x_tr_tl=es&amp;_x_tr_hl=es-419&amp;refresh_ce-cp\" target=\"_blank\" rel=\"noreferrer noopener\">https:\/\/www-open-online.translate.goog\/2021\/12\/06\/usa-foto-famiglia-mitra-deputato-repubblicano\/?_x_tr_sl=auto&amp;_x_tr_tl=es&amp;_x_tr_hl=es-419&amp;refresh_ce-cp<\/a><\/p>\n\n\n\n<p>Estados Unidos, foto de familia con la ametralladora. Saludos navide\u00f1os de un diputado republicano<\/p>\n\n\n\n<p><a href=\"https:\/\/pesolex.com\/es\/la-profecia-de-la-hermana-lucia-la-batalla-final-entre-dios-y-satanas-esta-en-la-familia-y-la-vida\/\" target=\"_blank\" rel=\"noreferrer noopener\">https:\/\/pesolex.com\/es\/la-profecia-de-la-hermana-lucia-la-batalla-final-entre-dios-y-satanas-esta-en-la-familia-y-la-vida\/<\/a><\/p>\n\n\n\n<p>Batalla final<\/p>\n\n\n\n<p><a href=\"https:\/\/pesolex.com\/es\/la-realidad-de-los-acontecimientos\/\" target=\"_blank\" rel=\"noreferrer noopener\">https:\/\/pesolex.com\/es\/la-realidad-de-los-acontecimientos\/<\/a><\/p>\n\n\n\n<p>La realidad de los acontecimientos<\/p>\n\n\n\n<p><\/p>\n\n\n\n<iframe loading=\"lazy\" src=\"https:\/\/www.facebook.com\/plugins\/video.php?height=315&#038;href=https%3A%2F%2Fwww.facebook.com%2Ffilippo.bongiovanni.3%2Fvideos%2F302616671764631%2F&#038;show_text=false&#038;width=560&#038;t=0\" width=\"560\" height=\"315\" style=\"border:none;overflow:hidden\" scrolling=\"no\" frameborder=\"0\" allowfullscreen=\"true\" allow=\"autoplay; clipboard-write; encrypted-media; picture-in-picture; web-share\" allowFullScreen=\"true\"><\/iframe>\n\n\n\n<figure class=\"wp-block-pullquote\"><blockquote><p><\/p><cite>En este video se resumen las \u00faltimas noticias a nivel mundial, adonde la pandemia a generado el mayor retroceso en los \u00faltimos 75 a\u00f1os en cuanto a la infancia. Seg\u00fan un informe de UNICEF llevar\u00e1 7\/8 a\u00f1os recuperar el estado pre pandemia de 80 millones de ni\u00f1os pobres. Sus derechos cada vez m\u00e1s vulnerados y sus  necesidades parecen inexistentes para el mundo.  La variante Omicron ha causado retroceso en las medidas, en Reino Unido la portavoz del gobierno al intentar justificar las nuevas medidas de encierro, se ha puesto al llorar por no poder justificarlas. En Nueva York la obligatoriedad de vacunas para poder salir ya se ha establecido. La situaci\u00f3n de calle de 1000000 de personas de Italia es otra muestra mas de como a nivel mundial, todo esta agravado. <\/cite><\/blockquote><\/figure>\n\n\n\n<figure class=\"wp-block-image size-full is-resized\"><a href=\"https:\/\/pesolex.com\/es\/wp-content\/uploads\/2021\/12\/250311802_5202262943172160_5511792137264227177_n-1.jpg\"><img loading=\"lazy\" decoding=\"async\" src=\"https:\/\/pesolex.com\/es\/wp-content\/uploads\/2021\/12\/250311802_5202262943172160_5511792137264227177_n-1.jpg\" alt=\"\" class=\"wp-image-7528\" width=\"247\" height=\"145\" srcset=\"https:\/\/pesolex.com\/es\/wp-content\/uploads\/2021\/12\/250311802_5202262943172160_5511792137264227177_n-1.jpg 246w, https:\/\/pesolex.com\/es\/wp-content\/uploads\/2021\/12\/250311802_5202262943172160_5511792137264227177_n-1-100x59.jpg 100w, https:\/\/pesolex.com\/es\/wp-content\/uploads\/2021\/12\/250311802_5202262943172160_5511792137264227177_n-1-150x88.jpg 150w, https:\/\/pesolex.com\/es\/wp-content\/uploads\/2021\/12\/250311802_5202262943172160_5511792137264227177_n-1-200x117.jpg 200w\" sizes=\"auto, (max-width: 247px) 100vw, 247px\" \/><\/a><\/figure>\n\n\n\n<p><\/p>\n\n\n\n<p><\/p>\n","protected":false},"excerpt":{"rendered":"<p>Por Filippo Bongiovanni- TRADUCCION AL ESPA\u00d1OL &#8211; -La festividad que acaba de transcurrir de la Inmaculada Concepci\u00f3n me retrotrae en el tiempo y resurgen en mi recuerdos de c\u00f3mo Eugenio am\u00f3, record\u00f3 y enfatiz\u00f3 la presencia de Ella que es &hellip;<\/p>\n<p class=\"read-more\"> <a class=\"more-link\" href=\"https:\/\/pesolex.com\/es\/recordando-y-celebrando\/\"> <span class=\"screen-reader-text\">&#8230; Recordando &#8230; y celebrando &#8230;<\/span> Leer m\u00e1s \u00bb<\/a><\/p>\n","protected":false},"author":3,"featured_media":0,"comment_status":"closed","ping_status":"closed","sticky":false,"template":"","format":"standard","meta":{"_monsterinsights_skip_tracking":false,"_monsterinsights_sitenote_active":false,"_monsterinsights_sitenote_note":"","_monsterinsights_sitenote_category":0,"footnotes":""},"categories":[1],"tags":[],"class_list":["post-7527","post","type-post","status-publish","format-standard","hentry","category-sin-categoria"],"_links":{"self":[{"href":"https:\/\/pesolex.com\/es\/wp-json\/wp\/v2\/posts\/7527","targetHints":{"allow":["GET"]}}],"collection":[{"href":"https:\/\/pesolex.com\/es\/wp-json\/wp\/v2\/posts"}],"about":[{"href":"https:\/\/pesolex.com\/es\/wp-json\/wp\/v2\/types\/post"}],"author":[{"embeddable":true,"href":"https:\/\/pesolex.com\/es\/wp-json\/wp\/v2\/users\/3"}],"replies":[{"embeddable":true,"href":"https:\/\/pesolex.com\/es\/wp-json\/wp\/v2\/comments?post=7527"}],"version-history":[{"count":2,"href":"https:\/\/pesolex.com\/es\/wp-json\/wp\/v2\/posts\/7527\/revisions"}],"predecessor-version":[{"id":7530,"href":"https:\/\/pesolex.com\/es\/wp-json\/wp\/v2\/posts\/7527\/revisions\/7530"}],"wp:attachment":[{"href":"https:\/\/pesolex.com\/es\/wp-json\/wp\/v2\/media?parent=7527"}],"wp:term":[{"taxonomy":"category","embeddable":true,"href":"https:\/\/pesolex.com\/es\/wp-json\/wp\/v2\/categories?post=7527"},{"taxonomy":"post_tag","embeddable":true,"href":"https:\/\/pesolex.com\/es\/wp-json\/wp\/v2\/tags?post=7527"}],"curies":[{"name":"wp","href":"https:\/\/api.w.org\/{rel}","templated":true}]}}