{"id":768,"date":"2026-04-25T01:07:14","date_gmt":"2026-04-25T01:07:14","guid":{"rendered":"https:\/\/pesolex.com\/fr\/?p=768"},"modified":"2026-04-01T01:12:09","modified_gmt":"2026-04-01T01:12:09","slug":"nous-sommes-en-pleine-apocalypse-107e-anniversaire-de-la-naissance-deugenio-siragusa","status":"publish","type":"post","link":"https:\/\/pesolex.com\/fr\/nous-sommes-en-pleine-apocalypse-107e-anniversaire-de-la-naissance-deugenio-siragusa\/","title":{"rendered":"NOUS SOMMES EN PLEINE APOCALYPSE&#8230;                   107e ANNIVERSAIRE DE LA NAISSANCE D&#8217;EUGENIO SIRAGUSA"},"content":{"rendered":"\n<figure class=\"wp-block-image size-large\"><a href=\"https:\/\/pesolex.com\/fr\/wp-content\/uploads\/2026\/04\/107-Anniversario-ES.jpg\"><img loading=\"lazy\" decoding=\"async\" width=\"1024\" height=\"572\" src=\"https:\/\/pesolex.com\/fr\/wp-content\/uploads\/2026\/04\/107-Anniversario-ES-1024x572.jpg\" alt=\"\" class=\"wp-image-769\" srcset=\"https:\/\/pesolex.com\/fr\/wp-content\/uploads\/2026\/04\/107-Anniversario-ES-1024x572.jpg 1024w, https:\/\/pesolex.com\/fr\/wp-content\/uploads\/2026\/04\/107-Anniversario-ES-300x167.jpg 300w, https:\/\/pesolex.com\/fr\/wp-content\/uploads\/2026\/04\/107-Anniversario-ES-768x429.jpg 768w, https:\/\/pesolex.com\/fr\/wp-content\/uploads\/2026\/04\/107-Anniversario-ES-100x56.jpg 100w, https:\/\/pesolex.com\/fr\/wp-content\/uploads\/2026\/04\/107-Anniversario-ES-150x84.jpg 150w, https:\/\/pesolex.com\/fr\/wp-content\/uploads\/2026\/04\/107-Anniversario-ES-200x112.jpg 200w, https:\/\/pesolex.com\/fr\/wp-content\/uploads\/2026\/04\/107-Anniversario-ES-450x251.jpg 450w, https:\/\/pesolex.com\/fr\/wp-content\/uploads\/2026\/04\/107-Anniversario-ES-600x335.jpg 600w, https:\/\/pesolex.com\/fr\/wp-content\/uploads\/2026\/04\/107-Anniversario-ES-900x502.jpg 900w, https:\/\/pesolex.com\/fr\/wp-content\/uploads\/2026\/04\/107-Anniversario-ES.jpg 1376w\" sizes=\"auto, (max-width: 1024px) 100vw, 1024px\" \/><\/a><\/figure>\n\n\n\n<p>\u00c0 cette m\u00eame date, il y a 107 ans, la septi\u00e8me r\u00e9incarnation du Mutant Jean prend forme physique en Eugenio Siragusa, l&#8217;Ambassadeur des Extraterrestres, le Consolateur promis, annonc\u00e9 il y a plus de deux mille ans par le G\u00e9nie Solaire Christ \u2013 J\u00e9sus.<\/p>\n\n\n\n<p>Voici ce qu&#8217;Eugenio a \u00e9crit il y a 34 ans :<\/p>\n\n\n\n<p>                                                     <strong>LES 7 ANGES AVEC LES 7 TROMPETTES SONT ARRIV\u00c9S<\/strong><\/p>\n\n\n\n<p>J&#8217;AI \u00c9CRIT LE 28 MARS 1992 :<\/p>\n\n\n\n<p>\u00ab ENFANTS CONTRE P\u00c8RES ET P\u00c8RES CONTRE ENFANTS, GUERRE ET RUMEURS DE GUERRE, PESTE ET FAIM, D\u00c9G\u00c9N\u00c9RESCENCE PHYSIQUE ET PSYCHIQUE, VIOLENCE ET MORT, DESTRUCTION DE L&#8217;ORDRE NATUREL, SODOMIE ET TOUT CE QUI S&#8217;OPPOSE AUX LOIS APPORT\u00c9ES PAR LE CHRIST SUR TERRE.<\/p>\n\n\n\n<p>ET ALORS ? QU&#8217;EST-CE QUE TU VEUX VOIR ET ENTENDRE POUR TE CONVAINCRE QUE L&#8217;APOCALYPSE A COMMENC\u00c9 ? QUE PROPOSEZ-VOUS DE FAIRE POUR ESSAYER D&#8217;ARR\u00caTER CELA ?<\/p>\n\n\n\n<p>SI VOUS RESTEZ PASSIF AUX APPELS DES PUISSANCES C\u00c9LESTES, \u00c0 TRAVERS LES MERVEILLES QU&#8217;ELLES MANIFESTENT AU CIEL ET SUR TERRE, L&#8217;AUTODESTRUCTION DE CETTE G\u00c9N\u00c9RATION HUMAINE DEVIENDRA IRR\u00c9VERSIBLE.<\/p>\n\n\n\n<p>ALORS CE QUI A \u00c9T\u00c9 DIT, \u00c9CRIT ET TRANSMIS DANS LE MESSAGE DE FATIMA DE L&#8217;ANN\u00c9E 1917 SE R\u00c9ALISERA : \u00ab LES VIVANTS ENVIERONT LES MORTS \u00bb. <strong>CE QUI PEUT \u00caTRE SAUV\u00c9 SERA SAUV\u00c9 !<\/strong><\/p>\n\n\n\n<p>JE SIGNE, &nbsp;EUGENIO SIRAGUSA<\/p>\n\n\n\n<p>Quel message de plus pr\u00e9moniteur et actuel&#8230;<\/p>\n\n\n\n<p>Nous ne pouvons ignorer la sc\u00e8ne internationale dans laquelle nous nous trouvons et o\u00f9 Eugenio aurait attir\u00e9 son attention avec une grande inqui\u00e9tude :<\/p>\n\n\n\n<ul class=\"wp-block-list\">\n<li>le conflit dramatique imminent au Moyen-Orient entre les \u00c9tats-Unis et Isra\u00ebl, d&#8217;une part, et l&#8217;Iran, d&#8217;autre part, qui d\u00e9stabilise le globe entier en raison de ses r\u00e9percussions sur le prix du p\u00e9trole et les \u00e9quilibres g\u00e9opolitiques futurs, ainsi que du risque de plus en plus r\u00e9el d&#8217;un possible accident nucl\u00e9aire de nature civile ou militaire ;<\/li>\n<\/ul>\n\n\n\n<ul class=\"wp-block-list\">\n<li>le conflit entre la Russie et l&#8217;Ukraine, qui dure depuis plus de 4 ans, avec plus de 20 000 victimes, a provoqu\u00e9 le r\u00e9armement de l&#8217;Europe centrale et orientale, g\u00e9n\u00e9rant encore plus de tensions o\u00f9 les effets possibles restent inconnus, \u00e9loignant de plus en plus la possibilit\u00e9 de trouver la paix, manipulant m\u00eame de plus en plus la polarisation entre les deux h\u00e9misph\u00e8res,\u00a0 le monde occidental et le monde oriental \u00bb ;<\/li>\n<\/ul>\n\n\n\n<ul class=\"wp-block-list\">\n<li>le conflit entre les deux puissances nucl\u00e9aires de l&#8217;Inde et du Pakistan, qui n&#8217;est pas tr\u00e8s pris en compte par les m\u00e9dias internationaux, mais qui constitue en r\u00e9alit\u00e9 un catalyseur extr\u00eamement n\u00e9gatif dans le secteur asiatique de notre plan\u00e8te ;<\/li>\n<\/ul>\n\n\n\n<ul class=\"wp-block-list\">\n<li>le lancement des essais de missiles intercontinentaux et la menace d\u00e9sormais constante de son utilisation possible, si n\u00e9cessaire, par la Cor\u00e9e du Nord, un pays dot\u00e9 d&#8217;une puissance nucl\u00e9aire militaire et alli\u00e9 strat\u00e9gique de la Russie et de la Chine, suscitent de nombreuses questions et ne font qu&#8217;accro\u00eetre les pr\u00e9occupations du Japon et de la Cor\u00e9e du Sud, alli\u00e9s strat\u00e9giques des \u00c9tats-Unis ;<\/li>\n<\/ul>\n\n\n\n<ul class=\"wp-block-list\">\n<li>l&#8217;augmentation constante du d\u00e9ploiement militaire naval chinois en mer de Chine du Nord et de l&#8217;Est de la Chine ainsi qu&#8217;en Pacifique Est ne fait qu&#8217;accro\u00eetre les inqui\u00e9tudes quant \u00e0 une attaque de la Chine sur l&#8217;\u00eele de Ta\u00efwan, centre n\u00e9vralgique g\u00e9opolitique international pour la production de puces et circuits li\u00e9s \u00e0 la production de syst\u00e8mes informatiques et \u00e9lectroniques majeurs directement et indirectement li\u00e9s \u00e0 l&#8217;IA,\u00a0 ce qui repr\u00e9sente aujourd&#8217;hui un autre aspect du conflit et de la comp\u00e9tition entre l&#8217;Est et l&#8217;Ouest ;<\/li>\n<\/ul>\n\n\n\n<p>En dehors de ce qui a \u00e9t\u00e9 dit, Eugenio n&#8217;aurait pas \u00e9clips\u00e9 tous les \u00e9v\u00e9nements suivants qui se sont produits r\u00e9cemment et qui ont engendr\u00e9 de nombreux bouleversements, directement li\u00e9s \u00e0 l&#8217;action de l&#8217;homme :<\/p>\n\n\n\n<ul class=\"wp-block-list\">\n<li>la fonte de la glace caus\u00e9e par le r\u00e9chauffement climatique ralentit la vitesse de rotation de la Terre. L&#8217;eau des glaciers polaires et du Groenland se dirige vers l&#8217;\u00e9quateur, redistribuant la masse de la plan\u00e8te et augmentant son moment d&#8217;inertie. Ce processus est une preuve directe de la fa\u00e7on dont le changement climatique modifie la forme et le comportement de la Terre et met en lumi\u00e8re l&#8217;impact significatif des activit\u00e9s humaines sur la g\u00e9ophysique de la plan\u00e8te, tel que rapport\u00e9 par les revues Science et Nature. C&#8217;est une nouvelle confirmation de la v\u00e9racit\u00e9 qu&#8217;Eugenio avait pr\u00e9vu : \u00ab l&#8217;homme par sa conduite ne pourra pas contr\u00f4ler les effets qu&#8217;il a caus\u00e9s&#8230; il le regrette &#8216;sans pouvoir se racheter&#8230;&#8217; \u00bb (interview transcrite des ann\u00e9es 90) ;<\/li>\n<\/ul>\n\n\n\n<ul class=\"wp-block-list\">\n<li>Les d\u00e9penses militaires mondiales ont augment\u00e9 pour la dixi\u00e8me ann\u00e9e cons\u00e9cutive\u00a0!! Selon le dernier rapport du SIPRI, l&#8217;institut international ind\u00e9pendant de recherche sur la paix et les conflits, les d\u00e9penses militaires mondiales ont consid\u00e9rablement augment\u00e9, atteignant un record <strong>de 2 718 milliards de dollars en 2024<\/strong>, soit une hausse de 9,4 % par rapport \u00e0 l&#8217;ann\u00e9e pr\u00e9c\u00e9dente, la plus forte augmentation annuelle depuis la fin de la guerre froide. Les \u00c9tats-Unis restent de loin le pays avec les plus grandes d\u00e9penses militaires au monde. Leurs d\u00e9penses de 997 milliards de dollars en 2024 \u00e9taient 3,2 fois sup\u00e9rieures \u00e0 celles du deuxi\u00e8me pays le plus d\u00e9pensier, la Chine. Mesur\u00e9e par r\u00e9gion mondiale, la plus forte augmentation a \u00e9t\u00e9 enregistr\u00e9e en Europe (+83 %), suivie par l&#8217;Asie et l&#8217;Oc\u00e9anie (+46 %), les Am\u00e9riques (+19 %), le Moyen-Orient (+19 %) et l&#8217;Afrique (+11 %). Dans les semaines \u00e0 venir, nous approfondirons ce que signifient ces chiffres. Mais qu&#8217;aurait dit Eugenio Siragusa en lisant ces donn\u00e9es ? Nous r\u00e9pondons avec ses propres mots d&#8217;il y a 45 ans, mais qui sont plus pertinents que jamais :<\/li>\n<\/ul>\n\n\n\n<p>                                                        <strong>HOARA AVEC REGRET, \u00c0 L&#8217;HUMANIT\u00c9 DE LA TERRE<\/strong><\/p>\n\n\n\n<p>SUR VOTRE PLAN\u00c8TE, LES ARMES SE VENDENT TOUT COMME LE PAIN EST VENDU.<\/p>\n\n\n\n<p>VOTRE CIVILISATION EST UN TH\u00c9\u00c2TRE DE FOUS.<\/p>\n\n\n\n<p>NOUS ESP\u00c9RIONS POUVOIR TE GU\u00c9RIR, MAIS NOUS REMARQUONS QUE TU PR\u00c9F\u00c8RES SUPPORTER LES SOUFFRANCES QUE TU RENDS INSUPPORTABLES CHAQUE JOUR.<\/p>\n\n\n\n<p>SI C&#8217;EST TON CHOIX, IL NE TE RESTE PLUS QU&#8217;\u00c0 ATTENDRE ; ATTENDRE LA FIN DOULOUREUSE ET TRAGIQUE DU DRAME QUE TU VOULAIS METTRE SUR LA SC\u00c8NE DE TON EXISTENCE.<\/p>\n\n\n\n<p>NOUS AVONS INDIQU\u00c9 LES VOIES PRATIQUES ET IMM\u00c9DIATES POUR R\u00c9SOUDRE LES PROBL\u00c8MES FONDAMENTAUX QUI RENDENT D\u00c9SESP\u00c9R\u00c9ES VOTRE DROIT \u00c0 LA VIE ET \u200b\u200b\u00c0 LA PERP\u00c9TUATION DU BON \u00c9VOLUTION DE TOUT CE QUI EST DESTIN\u00c9 \u00c0 \u00caTRE ET \u00c0 \u00c9VOLUER DANS LA CONSTRUCTRION \u00c9TERNEL DU COSMOS.<\/p>\n\n\n\n<p>VOTRE FROIDEUR ET VOTRE D\u00c9SINT\u00c9R\u00caT NOUS ONT PRIV\u00c9S DE LA JOIE DE VOUS VOIR D\u00c9TERMIN\u00c9S \u00c0 EMP\u00caCHER LE REFLUX D&#8217;UNE \u00c9POP\u00c9E FATALE ET DESTRUCTRICE, ENCORE PLUS LOURDE QUE CELLES QUI VOIENT DISPARA\u00ceTRE D&#8217;AUTRES G\u00c9N\u00c9RATIONS MOINS MAUVAISES QUE LA V\u00d4TRE.<\/p>\n\n\n\n<p>                                                                                                                                     HOARA<\/p>\n\n\n\n<p>Nicolosi, 17 juin 1981<\/p>\n\n\n\n<p>Et encore une fois, Eug\u00e8ne n&#8217;aurait pas oubli\u00e9 de mettre en garde contre les dangers qui affectent la jeunesse :<\/p>\n\n\n\n<ul class=\"wp-block-list\">\n<li>Selon les derni\u00e8res recherches de l&#8217; <a href=\"https:\/\/www.key4biz.it\/luso-intensivo-dei-social-potrebbe-modificare-il-cervello-degli-adolescenti-lo-studio\/429895\/\" target=\"_blank\" rel=\"noreferrer noopener\">Universit\u00e9 de Caroline du Nord \u00e0 Chapel Hill<\/a>, ils sugg\u00e8rent qu&#8217;une utilisation intensive des r\u00e9seaux sociaux peut modifier le cerveau des adolescents, rendant les zones neuronales associ\u00e9es \u00e0 la gratification et \u00e0 la motivation moins sensibles, ce qui pourrait entra\u00eener des comportements compulsifs. L&#8217;utilisation constante des plateformes sociales peut modifier les zones neuronales qui g\u00e8rent la gratification et la motivation, rendant les adolescents moins sensibles \u00e0 la gratification et \u00e0 la motivation, les conduisant \u00e0 une tendance introspective et d\u00e9pressive. Eugene avait d\u00e9j\u00e0 dit \u00e0 son \u00e9poque :<\/li>\n<\/ul>\n\n\n\n<p>                                                                                        <strong>Du Ciel \u00e0 la Terre<\/strong><\/p>\n\n\n\n<p>Nous vous l&#8217;avons dit : m\u00e9fiez-vous de votre jeunesse !<\/p>\n\n\n\n<p>Tu as fait la sourde oreille, comme on dit sur terre. Maintenant que ta jeunesse commence \u00e0 abandonner la vie, tu t&#8217;inqui\u00e8tes, tu es constern\u00e9.<\/p>\n\n\n\n<p>Maintenant que vous avez \u00e9teint l&#8217;espoir de leur joie de vivre, il ne vous reste plus qu&#8217;\u00e0 pleurer l&#8217;indiff\u00e9rence, le d\u00e9sint\u00e9r\u00eat et le manque total d&#8217;attention envers les jeunes qui, \u00e0 pr\u00e9sent, aiment la mort plus que la vie.<\/p>\n\n\n\n<p>Maintenant, cette croix est \u00e0 toi aussi !<\/p>\n\n\n\n<p>                                                                                                             DU CIEL \u00c0 LA TERRE<\/p>\n\n\n\n<p>&nbsp;&nbsp;&nbsp;&nbsp;&nbsp;&nbsp;&nbsp;&nbsp;&nbsp;&nbsp;&nbsp;&nbsp;&nbsp;&nbsp;&nbsp;&nbsp;&nbsp;&nbsp;&nbsp;&nbsp;&nbsp;&nbsp;&nbsp;&nbsp;&nbsp;&nbsp;&nbsp;&nbsp;&nbsp;&nbsp;&nbsp;&nbsp;&nbsp;&nbsp;&nbsp;&nbsp;&nbsp;&nbsp;&nbsp;&nbsp;&nbsp;&nbsp;&nbsp;&nbsp;&nbsp;&nbsp;&nbsp;&nbsp;&nbsp;&nbsp;&nbsp;&nbsp;&nbsp;&nbsp;&nbsp;&nbsp;&nbsp;&nbsp;&nbsp;&nbsp;&nbsp;&nbsp;&nbsp;&nbsp;&nbsp;&nbsp;&nbsp;&nbsp;&nbsp;&nbsp;&nbsp;&nbsp;&nbsp;&nbsp;&nbsp;&nbsp;&nbsp;&nbsp;&nbsp;&nbsp;&nbsp;&nbsp;&nbsp;&nbsp;&nbsp;&nbsp;&nbsp;&nbsp;&nbsp;&nbsp;&nbsp;&nbsp;&nbsp;&nbsp;&nbsp;&nbsp;&nbsp;&nbsp;&nbsp;&nbsp;&nbsp;&nbsp;&nbsp;&nbsp;&nbsp;&nbsp;&nbsp;&nbsp; Eugenio Siragusa<\/p>\n\n\n\n<p>Nicolosi, 12 septembre 1990<\/p>\n\n\n\n<p>Ce n&#8217;est pas la premi\u00e8re fois que ces mots sont \u00e9crits, et beaucoup expriment et commentent qu&#8217;Eugenio, surtout dans la derni\u00e8re partie de sa Mission de Diffusion, a toujours \u00e9t\u00e9 tr\u00e8s difficile, pour dire catastrophique, \u00e0 utiliser les tons pour remettre l&#8217;humanit\u00e9 en qu\u00eate des d\u00e9cisions prises qui la m\u00e8nent \u00e0 un sombre destin.<\/p>\n\n\n\n<p>Beaucoup nous font remarquer que seulement quelques fois des mots d&#8217;espoir ont \u00e9t\u00e9 utilis\u00e9s&#8230;<\/p>\n\n\n\n<p>&nbsp;En v\u00e9rit\u00e9, Eugenio s&#8217;est d\u00e9j\u00e0 exprim\u00e9 \u00e0 de nombreuses reprises dans ce sens et nous croyons que les mots suivants, \u00e9crits de sa propre main, sont plus que clairs sur ce qui pourrait arriver dans un avenir proche :<\/p>\n\n\n\n<p class=\"has-text-align-center\">                                                                  <strong>UNE R\u00c9ALIT\u00c9 INDISCUTABLE<\/strong><\/p>\n\n\n\n<p><strong>&nbsp;LA PLAN\u00c8TE TERRE EST SOUS LE CONTR\u00d4LE ASSIDU DE CR\u00c9ATURES SUP\u00c9RIEURES DE<\/strong><\/p>\n\n\n\n<p><strong>\u00c0 PARTIR DE MONDES \u00c9VOLU\u00c9S D&#8217;ESPACES SID\u00c9RAUX<\/strong><\/p>\n\n\n\n<p>UN PLAN D&#8217;\u00c9TUDE PR\u00c9CIS ET M\u00c9THODIQUE EST EN COURS, M\u00caME SI LA CLASSE RESPONSABLE D&#8217;HOMMES QUI GOUVERNE L&#8217;HUMANIT\u00c9 DE CETTE PLAN\u00c8TE VEUT IGNORER \u00c0 TOUT PRIX, VISANT \u00c0 RETIRER DE L&#8217;HOMME LA MA\u00ceTRISE ET LA ROYAUME SUR LES ESP\u00c8CES PLAC\u00c9ES SOUS LA PROTECTION DE SON INTELLIGENCE ET DE SON INDUSTRIALIT\u00c9 MALADESQUE.<\/p>\n\n\n\n<p>LE PLAN QUE CES INTELLIGENCES SUP\u00c9RIEURES S&#8217;APPR\u00caTENT \u00c0 METTRE EN \u0152UVRE ET \u00c0 D\u00c9VELOPPER PR\u00c9VOIT LA SOLUTION GLOBALE DE TOUS LES ASPECTS N\u00c9GATIFS QUI ONT LONGTEMPS PERTURB\u00c9 L&#8217;\u00c9QUILIBRE ORGANISATIONNEL ET \u00c9VOLUTIF DE L&#8217;ESP\u00c8CE HUMAINE ET DES AUTRES SOUS-ESP\u00c8CES SUBORDONN\u00c9ES AUX D\u00c9VELOPPEMENTS IMPRUDENTS ET CHAOTIQUES DE L&#8217;ACTIVIT\u00c9 MENTALE HUMAINE.<\/p>\n\n\n\n<p>IL EST \u00c9GALEMENT VRAI, MALGR\u00c9 LE SCEPTICISME DE LA SCIENCE HUMAINE ET DES CHERCHEURS, RESPONSABLES D&#8217;EXAMINER LES ASPECTS FONDAMENTAUX DU BUT PRINCIPAL DE L&#8217;EXISTENCE HUMAINE, ET DE SON \u0152UVRE, QUE C&#8217;EST DANS LES PLANS DE CES INTELLIGENCES COSMIQUES LA R\u00c9DUCTION N\u00c9CESSAIRE D&#8217;UN NOMBRE IND\u00c9TERMIN\u00c9 D&#8217;\u00c2MES, AFIN D&#8217;APPORTER UNE STABILIT\u00c9 RELATIVE DES VALEURS UNIVERSELLES ET D&#8217;\u00c9LIMINER,&nbsp; AUTANT QUE POSSIBLE, L&#8217;ACTION HYPERTROPHIQUE D&#8217;EXC\u00c8S ET DE D\u00c9FAUT DANS L&#8217;\u00c9MOTIONNIT\u00c9 DES VALEURS ACTUELLES ATTEINTES SUR LES PLANS PSYCHOPHYSIQUES OP\u00c9RANT DANS L&#8217;ASPECT DUALISTE DE LA VIE.<\/p>\n\n\n\n<p>L&#8217;HOMME DE LA PLAN\u00c8TE TERRE EST INEXORABLEMENT DESTIN\u00c9 \u00c0 DEVENIR UN SUJET CONSCIENT DE LA VOLONT\u00c9 SUP\u00c9RIEURE D&#8217;UNE CONSCIENCE UNIVERSELLE, CONTENANT LES PR\u00c9ROGATIVES DIVINES DE L&#8217;INTELLIGENCE COSMIQUE VIVANTE ET OP\u00c9RANTE (DIEU) = DIMENSION, ESPACE-TEMPS : DU SOI.<\/p>\n\n\n\n<p>LES HOMMES DE LA TERRE AURAIENT D\u00db INTUIR ET R\u00c9ALISER EUX-M\u00caMES DEPUIS LONGTEMPS L&#8217;ASPECT R\u00c9EL ET LA VISION SPIRITUELLE DE CE QUI, DEPUIS ENVIRON DEUX MILLE ANS, GRAVITE, INEXORABLEMENT, SUR LEUR INCAPACIT\u00c9 \u00c0 SOUMETTRE \u00c0 UN GOUVERNEMENT JUSTE ET SAGE CE QUI LEUR A \u00c9T\u00c9 CONFI\u00c9 PAR LA LUMI\u00c8RE DE L&#8217;INTELLIGENCE CR\u00c9ATIVE.<\/p>\n\n\n\n<p>MAINTENANT, LE MOMENT EST VENU DE L&#8217;\u00c9PREUVE DE L&#8217;\u00c9CHEC TOTAL DU TRAVAIL HUMAIN DANS CE MONDE, ET EN EFFET LE PROCESSUS A COMMENC\u00c9, ET SON D\u00c9ROULEMENT EST D\u00c9J\u00c0 UN PR\u00c9LUDE \u00c0 UN JUGEMENT S\u00c9V\u00c8RE QUE PERSONNE NE DEVRAIT IGNORER.<\/p>\n\n\n\n<p>LES \u00c9V\u00c9NEMENTS QUI SE SUCC\u00c8DENT AVEC UNE GRAVIT\u00c9 CROISSANTE D\u00c9MONTRENT CLAIREMENT LA GRAVE ACCUSATION QUI P\u00c8SE SUR TOUTE LA RACE HUMAINE, COUPABLE DE NE PAS AVOIR PU R\u00c9ALISER, \u00c0 LA LUMI\u00c8RE DE LA JUSTICE ET DE L&#8217;AMOUR UNIVERSEL, LE PLAN DE L&#8217;INTELLIGENCE CR\u00c9ATIVE DANS L&#8217;\u00c9VOLUTION PROGRESSIVE, LIBRE ET PACIFIQUE DE TOUTES LES \u00c2MES VIVANTES.<\/p>\n\n\n\n<p>LE D\u00c9BAT, ENTRE LE BIEN QUI ACCUSE ET LE MAL QUI R\u00c9AGIT, TOUCHE \u00c0 SA FIN. LE TEMPS DES RAPPELS ET DES AVERTISSEMENTS EST R\u00c9VOLU DEPUIS LONGTEMPS. MAINTENANT, IL Y A LE R\u00c8GLEMENT DE COMPTEs ET LE CONDAMNATION DU MAL. LES JUSTES, LES DOUX, LES PURS DE C\u0152UR ET LES PACIFIQUES N&#8217;ONT RIEN \u00c0 CRAINDRE, ET ILS NE PERDRONT RIEN DE CE QUI LES A LIB\u00c9R\u00c9S ET SAUVEGARD\u00c9.<\/p>\n\n\n\n<p>CEUX QUI DOIVENT CRAINDRE DE LA JUSTICE C\u00c9LESTE SONT TOUS CEUX QUI ONT PR\u00c9F\u00c9R\u00c9 NE PAS SE REPENTIR ET IGNORER LES V\u00c9RITABLES VALEURS DU BIEN UNIVERSEL ; DES VALEURS QUI SONT LES SEULS D\u00c9FENSEURS DE LA LIBERT\u00c9 \u00c9TERNELLE ET DU SALUT.<\/p>\n\n\n\n<p>ILS PENSERONT QU&#8217;ILS N&#8217;AURONT QU&#8217;\u00c0 MOURIR ET AINSI FINIR, EN TR\u00c8S PEU DE TEMPS, LES EFFETS DE LEURS CAUSES. MAIS ILS IGNORENT QUE LES EFFETS DE LEURS CAUSES SERONT LES TERRIBLES PI\u00c8GES QUI EMPORTERONT LEURS ESPRITS PERVERS DANS UN MONDE D&#8217;OBSCURIT\u00c9 ET DE PI\u00c8GES, O\u00d9 LES SOUFFRANCES AURONT LA CHARGE DES VALEURS PRIMORDIALES DE LA MATI\u00c8RE, ET L\u00c0 O\u00d9 LA VIE S&#8217;\u00c9TEINT PAR LA LONGUE DUR\u00c9E DE LA SUBLIMATION COERCTIVE DE LA LOI PURIFICATIVE.<\/p>\n\n\n\n<p>IL N&#8217;Y A AUCUN APPEL POUR EUX, MAIS UNE R\u00c9SIGNATION CAPABLE DE POUSSER LEUR CONSCIENCE D\u00c9CHUE VERS UN NOUVEAU D\u00c9PART, D&#8217;O\u00d9 ILS RECOMMENCERONT L&#8217;ASCENSION DOULOUREUSE POUR RETROUVER LE BIEN PERDU.<\/p>\n\n\n\n<p>LES PRATIQUES POUR LA CONSTRUCTION DE CETTE SENTENCE DE CONDAMNATION ET DE SALUT SONT DANS L&#8217;ESPRIT DES HOMMES-ANGES QUI, AUJOURD&#8217;HUI PLUS QUE JAMAIS, TRAVAILLENT ET VIVENT SUR TERRE ET PARMI LES HOMMES. PERSONNE NE SAIT QUI ILS SONT, COMMENT ILS SONT ARRIV\u00c9S NI QUEL POUVOIR ILS POSS\u00c8DENT. EN V\u00c9RIT\u00c9, ILS ONT LE POUVOIR DE PUNIR ET DE CONSOLER, DE D\u00c9TRUIRE ET DE CONSTRUIRE. ILS ONT LA MILICE C\u00c9LESTE DU P\u00c8RE CR\u00c9ATIVE, \u00c9CLAIR\u00c9E PAR LA SAGESSE DE SA JUSTICE ET DE SON AMOUR.<\/p>\n\n\n\n<p>L&#8217;\u00c9NERGIE QUI FAIT BOUGER LES UNIVERS EST LEUR FORCE !<\/p>\n\n\n\n<p>LA VOLONT\u00c9 DU P\u00c8RE CR\u00c9ATIF est LEUR SEULE LOI !<\/p>\n\n\n\n<p>L&#8217;AMOUR UNIVERSEL EST LA SEULE SOURCE QUI LES POUSSE \u00c0 TRAVAILLER !<\/p>\n\n\n\n<p>DANS CES SUBLIMES EXPRESSIONS DE M\u00c9MOIRE FRANCISCAINE RESPIRENT LEUR V\u00c9RITABLE NATURE VIVANTE : \u00ab \u00d4 SEIGNEUR, L\u00c0 O\u00d9 EST L&#8217;OBSCURIT\u00c9, LAISSE-MOI PORTER LA LUMI\u00c8RE \u00bb. ET, EN EFFET, LES PORTEURS DE LUMI\u00c8RE, LES GARDIENS DE TOUS LES TEMPS ET DE TOUTES LES G\u00c9N\u00c9RATIONS, \u0152UVRENT POUR DES DESSEINS PROPH\u00c9TIS\u00c9S QUE NUL AUTRE QUE LE CR\u00c9ATEUR NE POURRA JAMAIS MUTER.<\/p>\n\n\n\n<p>\u00ab IL N&#8217;Y A PAS DE PAIX POUR LES M\u00c9CHANTS, DIT LE SEIGNEUR. \u00bb<\/p>\n\n\n\n<p>\u00a0\u00a0\u00a0\u00a0\u00a0\u00a0\u00a0\u00a0\u00a0\u00a0\u00a0\u00a0\u00a0\u00a0\u00a0\u00a0\u00a0\u00a0\u00a0\u00a0\u00a0\u00a0\u00a0\u00a0\u00a0\u00a0\u00a0\u00a0\u00a0\u00a0\u00a0\u00a0\u00a0\u00a0\u00a0\u00a0\u00a0\u00a0\u00a0\u00a0\u00a0\u00a0\u00a0\u00a0\u00a0\u00a0\u00a0\u00a0\u00a0\u00a0\u00a0\u00a0\u00a0\u00a0\u00a0\u00a0\u00a0\u00a0\u00a0\u00a0\u00a0\u00a0\u00a0\u00a0\u00a0\u00a0\u00a0\u00a0\u00a0\u00a0\u00a0\u00a0\u00a0\u00a0\u00a0\u00a0\u00a0\u00a0\u00a0\u00a0\u00a0\u00a0\u00a0\u00a0\u00a0\u00a0\u00a0\u00a0\u00a0\u00a0\u00a0\u00a0\u00a0\u00a0\u00a0\u00a0\u00a0\u00a0\u00a0\u00a0\u00a0\u00a0\u00a0\u00a0\u00a0\u00a0\u00a0\u00a0\u00a0\u00a0\u00a0\u00a0\u00a0\u00a0\u00a0\u00a0\u00a0\u00a0EUGENIO SIRAGUSA<\/p>\n\n\n\n<p>Catane, 16 f\u00e9vrier 1968<\/p>\n\n\n\n<p>\u00ab <em>L&#8217;espoir est toujours le dernier \u00e0 mourir&#8230; \u00bb <\/em>c&#8217;est ainsi qu&#8217;Eugenio cl\u00f4turait toujours ses conf\u00e9rences ou interviews, et sur la base de ces mots nous poursuivons notre travail avec pers\u00e9v\u00e9rance et humilit\u00e9, sans oublier que les derniers temps qui nous attendent seront des temps difficiles, o\u00f9 ils seront mis \u00e0 l&#8217;\u00e9preuve la notre Foi dans la r\u00e9alisation des valeurs christiques en quatre dimensions (Justice-Paix-Amour, Pouvoir de discernement, Connaissance de la Loi Cause-Effet,&nbsp; R\u00e9alisation de sa personnalit\u00e9 spirituelle, aimez votre prochain comme vous-m\u00eame). Ce seront des temps difficiles, des temps o\u00f9 Celui qui est venu il y a plus de deux mille ans a dit : \u00ab <em>Je r\u00e9primande et punis celui que j&#8217;aime <\/em>le plus \u00bb&#8230;<\/p>\n\n\n\n<p>Ce sont les temps annonc\u00e9s dans l&#8217;Apocalypse johannine, mais ceux qui ont r\u00e9alis\u00e9 les bonnes qualit\u00e9s spirituelles n&#8217;auront rien \u00e0 craindre.<\/p>\n\n\n\n<p>Le choix, comme toujours, nous appartient seul&#8230;<\/p>\n\n\n\n<p><strong>POUR LE CENTRE D&#8217;\u00c9TUDES EUGENIO SIRAGUSA \u2013 PESOLEX<\/strong><\/p>\n\n\n\n<p><em>Un des h\u00e9ritiers du programme T\u00e9moignage<\/em><\/p>\n\n\n\n<p><em>de la lumi\u00e8re du soleil de l&#8217;aigle de Jean<\/em><\/p>\n\n\n\n<p><strong>HATON BONGIOVANNI<\/strong><\/p>\n","protected":false},"excerpt":{"rendered":"<p>\u00c0 cette m\u00eame date, il y a 107 ans, la septi\u00e8me r\u00e9incarnation du Mutant Jean prend forme physique en Eugenio Siragusa, l&#8217;Ambassadeur des Extraterrestres, le Consolateur promis, annonc\u00e9 il y a plus de deux mille ans par le G\u00e9nie Solaire &hellip;<\/p>\n<p class=\"read-more\"> <a class=\"more-link\" href=\"https:\/\/pesolex.com\/fr\/nous-sommes-en-pleine-apocalypse-107e-anniversaire-de-la-naissance-deugenio-siragusa\/\"> <span class=\"screen-reader-text\">NOUS SOMMES EN PLEINE APOCALYPSE&#8230;                   107e ANNIVERSAIRE DE LA NAISSANCE D&#8217;EUGENIO SIRAGUSA<\/span> Leer m\u00e1s \u00bb<\/a><\/p>\n","protected":false},"author":1,"featured_media":0,"comment_status":"closed","ping_status":"closed","sticky":false,"template":"","format":"standard","meta":{"footnotes":""},"categories":[1],"tags":[],"class_list":["post-768","post","type-post","status-publish","format-standard","hentry","category-sin-categoria"],"_links":{"self":[{"href":"https:\/\/pesolex.com\/fr\/wp-json\/wp\/v2\/posts\/768","targetHints":{"allow":["GET"]}}],"collection":[{"href":"https:\/\/pesolex.com\/fr\/wp-json\/wp\/v2\/posts"}],"about":[{"href":"https:\/\/pesolex.com\/fr\/wp-json\/wp\/v2\/types\/post"}],"author":[{"embeddable":true,"href":"https:\/\/pesolex.com\/fr\/wp-json\/wp\/v2\/users\/1"}],"replies":[{"embeddable":true,"href":"https:\/\/pesolex.com\/fr\/wp-json\/wp\/v2\/comments?post=768"}],"version-history":[{"count":2,"href":"https:\/\/pesolex.com\/fr\/wp-json\/wp\/v2\/posts\/768\/revisions"}],"predecessor-version":[{"id":771,"href":"https:\/\/pesolex.com\/fr\/wp-json\/wp\/v2\/posts\/768\/revisions\/771"}],"wp:attachment":[{"href":"https:\/\/pesolex.com\/fr\/wp-json\/wp\/v2\/media?parent=768"}],"wp:term":[{"taxonomy":"category","embeddable":true,"href":"https:\/\/pesolex.com\/fr\/wp-json\/wp\/v2\/categories?post=768"},{"taxonomy":"post_tag","embeddable":true,"href":"https:\/\/pesolex.com\/fr\/wp-json\/wp\/v2\/tags?post=768"}],"curies":[{"name":"wp","href":"https:\/\/api.w.org\/{rel}","templated":true}]}}